{"id":4846,"date":"2024-03-07T09:17:44","date_gmt":"2024-03-07T08:17:44","guid":{"rendered":"https:\/\/balzar.se\/?post_type=news&#038;p=4846"},"modified":"2024-03-07T09:28:04","modified_gmt":"2024-03-07T08:28:04","slug":"anywhere-bench","status":"publish","type":"news","link":"https:\/\/balzar.se\/en\/news\/anywhere-bench\/","title":{"rendered":"Anywhere bench"},"content":{"rendered":"<p class=\"translation-block\">Anywhere bench is a flexible and clever development of Anywhere stool, designed to offer comfortable additional seating anywhere it is needed. The starting point is simple, with an ingeniously simple stool that transforms into an ingeniously simple bench.\n\nThe seat is made from leftover materials from the production of joined solid wood, providing not only an aesthetically pleasing surface but also promoting sustainable resource usage. By utilizing these leftover materials, it contributes to waste reduction and encourages a circular use of wood resources.<\/p>","protected":false},"excerpt":{"rendered":"<p>Anywhere bench \u00e4r en flexibel och smart utveckling av Anywhere, konstruerad f\u00f6r att erbjuda bekv\u00e4mt extra sittande anywhere d\u00e4r det beh\u00f6vs. Utg\u00e5ngspunkten \u00e4r en genialt enkel pall som f\u00f6rvandlas till en skulptural b\u00e4nk. Sitsen \u00e4r tillverkad av spillmaterial fr\u00e5n produktionen av fogat massivtr\u00e4, vilket inte bara ger en estetiskt tilltalande yta utan ocks\u00e5 fr\u00e4mjar en [&#8230;]<\/p>\n<p><a class=\"btn btn-secondary understrap-read-more-link\" href=\"https:\/\/balzar.se\/en\/news\/anywhere-bench\/\">Read More&#8230;<\/a><\/p>","protected":false},"featured_media":0,"template":"","class_list":["post-4846","news","type-news","status-publish","hentry"],"news_image_gallery":false,"news_related_furnitures":false,"news_related_designer":[{"designer_furnitures":[{"furniture_image_gallery":[{"ID":"682","post_author":"3","post_date":"2019-03-20 15:01:43","post_date_gmt":"2019-03-20 15:01:43","post_content":"","post_title":"Balzar Beskow Block 2017-01-31 Nr 1","post_excerpt":"","post_status":"inherit","comment_status":"open","ping_status":"closed","post_password":"","post_name":"balzar-beskow-block-2017-01-31-nr-1","to_ping":"","pinged":"","post_modified":"2025-11-05 15:29:43","post_modified_gmt":"2025-11-05 14:29:43","post_content_filtered":"","post_parent":"489","guid":"http:\/\/ny.balzar.se\/wp-content\/uploads\/2019\/03\/Balzar-Beskow-Block-2017-01-31-Nr-1.jpg","menu_order":"0","post_type":"attachment","post_mime_type":"image\/jpeg","comment_count":"0","pod_item_id":"682"},{"ID":"683","post_author":"3","post_date":"2019-03-20 15:01:47","post_date_gmt":"2019-03-20 15:01:47","post_content":"","post_title":"Balzar Beskow Block 2017-01-31 Nr 2","post_excerpt":"","post_status":"inherit","comment_status":"open","ping_status":"closed","post_password":"","post_name":"balzar-beskow-block-2017-01-31-nr-2","to_ping":"","pinged":"","post_modified":"2025-11-05 15:29:42","post_modified_gmt":"2025-11-05 14:29:42","post_content_filtered":"","post_parent":"489","guid":"http:\/\/ny.balzar.se\/wp-content\/uploads\/2019\/03\/Balzar-Beskow-Block-2017-01-31-Nr-2.jpg","menu_order":"0","post_type":"attachment","post_mime_type":"image\/jpeg","comment_count":"0","pod_item_id":"683"},{"ID":"684","post_author":"3","post_date":"2019-03-20 15:01:52","post_date_gmt":"2019-03-20 15:01:52","post_content":"","post_title":"Balzar Beskow Block 2017-01-31 Nr 7","post_excerpt":"","post_status":"inherit","comment_status":"open","ping_status":"closed","post_password":"","post_name":"balzar-beskow-block-2017-01-31-nr-7","to_ping":"","pinged":"","post_modified":"2025-11-05 15:29:40","post_modified_gmt":"2025-11-05 14:29:40","post_content_filtered":"","post_parent":"489","guid":"http:\/\/ny.balzar.se\/wp-content\/uploads\/2019\/03\/Balzar-Beskow-Block-2017-01-31-Nr-7.jpg","menu_order":"0","post_type":"attachment","post_mime_type":"image\/jpeg","comment_count":"0","pod_item_id":"684"},{"ID":"685","post_author":"3","post_date":"2019-03-20 15:01:56","post_date_gmt":"2019-03-20 15:01:56","post_content":"","post_title":"Balzar Beskow Block 2017-01-31 Nr 8","post_excerpt":"","post_status":"inherit","comment_status":"open","ping_status":"closed","post_password":"","post_name":"balzar-beskow-block-2017-01-31-nr-8","to_ping":"","pinged":"","post_modified":"2025-11-05 15:29:38","post_modified_gmt":"2025-11-05 14:29:38","post_content_filtered":"","post_parent":"489","guid":"http:\/\/ny.balzar.se\/wp-content\/uploads\/2019\/03\/Balzar-Beskow-Block-2017-01-31-Nr-8.jpg","menu_order":"0","post_type":"attachment","post_mime_type":"image\/jpeg","comment_count":"0","pod_item_id":"685"},{"ID":"686","post_author":"3","post_date":"2019-03-20 15:02:01","post_date_gmt":"2019-03-20 15:02:01","post_content":"","post_title":"Balzar Beskow Block 2017-01-31 Nr 9","post_excerpt":"","post_status":"inherit","comment_status":"open","ping_status":"closed","post_password":"","post_name":"balzar-beskow-block-2017-01-31-nr-9","to_ping":"","pinged":"","post_modified":"2025-11-05 15:29:36","post_modified_gmt":"2025-11-05 14:29:36","post_content_filtered":"","post_parent":"489","guid":"http:\/\/ny.balzar.se\/wp-content\/uploads\/2019\/03\/Balzar-Beskow-Block-2017-01-31-Nr-9.jpg","menu_order":"0","post_type":"attachment","post_mime_type":"image\/jpeg","comment_count":"0","pod_item_id":"686"},{"ID":"687","post_author":"3","post_date":"2019-03-20 15:02:05","post_date_gmt":"2019-03-20 15:02:05","post_content":"","post_title":"Balzar Beskow Block 2017-01-31 Nr 10","post_excerpt":"","post_status":"inherit","comment_status":"open","ping_status":"closed","post_password":"","post_name":"balzar-beskow-block-2017-01-31-nr-10","to_ping":"","pinged":"","post_modified":"2025-11-05 15:29:34","post_modified_gmt":"2025-11-05 14:29:34","post_content_filtered":"","post_parent":"489","guid":"http:\/\/ny.balzar.se\/wp-content\/uploads\/2019\/03\/Balzar-Beskow-Block-2017-01-31-Nr-10.jpg","menu_order":"0","post_type":"attachment","post_mime_type":"image\/jpeg","comment_count":"0","pod_item_id":"687"},{"ID":"688","post_author":"3","post_date":"2019-03-20 15:02:09","post_date_gmt":"2019-03-20 15:02:09","post_content":"","post_title":"Balzar Beskow Block 2017-01-31 Nr 11","post_excerpt":"","post_status":"inherit","comment_status":"open","ping_status":"closed","post_password":"","post_name":"balzar-beskow-block-2017-01-31-nr-11","to_ping":"","pinged":"","post_modified":"2025-11-05 15:29:33","post_modified_gmt":"2025-11-05 14:29:33","post_content_filtered":"","post_parent":"489","guid":"http:\/\/ny.balzar.se\/wp-content\/uploads\/2019\/03\/Balzar-Beskow-Block-2017-01-31-Nr-11.jpg","menu_order":"0","post_type":"attachment","post_mime_type":"image\/jpeg","comment_count":"0","pod_item_id":"688"},{"ID":"689","post_author":"3","post_date":"2019-03-20 15:02:14","post_date_gmt":"2019-03-20 15:02:14","post_content":"","post_title":"Balzar Beskow Block 2017-01-31 Nr 12","post_excerpt":"","post_status":"inherit","comment_status":"open","ping_status":"closed","post_password":"","post_name":"balzar-beskow-block-2017-01-31-nr-12","to_ping":"","pinged":"","post_modified":"2025-11-05 15:29:31","post_modified_gmt":"2025-11-05 14:29:31","post_content_filtered":"","post_parent":"489","guid":"http:\/\/ny.balzar.se\/wp-content\/uploads\/2019\/03\/Balzar-Beskow-Block-2017-01-31-Nr-12.jpg","menu_order":"0","post_type":"attachment","post_mime_type":"image\/jpeg","comment_count":"0","pod_item_id":"689"},{"ID":"680","post_author":"3","post_date":"2019-03-20 15:01:34","post_date_gmt":"2019-03-20 15:01:34","post_content":"","post_title":"Balzar Beskow Block 2017-01-31 Nr 14","post_excerpt":"","post_status":"inherit","comment_status":"open","ping_status":"closed","post_password":"","post_name":"balzar-beskow-block-2017-01-31-nr-14","to_ping":"","pinged":"","post_modified":"2025-11-05 15:29:54","post_modified_gmt":"2025-11-05 14:29:54","post_content_filtered":"","post_parent":"489","guid":"http:\/\/ny.balzar.se\/wp-content\/uploads\/2019\/03\/Balzar-Beskow-Block-2017-01-31-Nr-14.jpg","menu_order":"0","post_type":"attachment","post_mime_type":"image\/jpeg","comment_count":"0","pod_item_id":"680"},{"ID":"681","post_author":"3","post_date":"2019-03-20 15:01:39","post_date_gmt":"2019-03-20 15:01:39","post_content":"","post_title":"Balzar Beskow Block 2017-01-31 Nr 16","post_excerpt":"","post_status":"inherit","comment_status":"open","ping_status":"closed","post_password":"","post_name":"balzar-beskow-block-2017-01-31-nr-16","to_ping":"","pinged":"","post_modified":"2025-11-05 15:29:52","post_modified_gmt":"2025-11-05 14:29:52","post_content_filtered":"","post_parent":"489","guid":"http:\/\/ny.balzar.se\/wp-content\/uploads\/2019\/03\/Balzar-Beskow-Block-2017-01-31-Nr-16.jpg","menu_order":"0","post_type":"attachment","post_mime_type":"image\/jpeg","comment_count":"0","pod_item_id":"681"}],"furniture_jumbotron_image":false,"release_date":"0000-00-00","furnitures_designer":{"ID":"127","post_author":"3","post_date":"2019-03-19 10:39:28","post_date_gmt":"2019-03-19 10:39:28","post_content":"Sami Kallio \u2013 Inredningsarkitekt och m\u00f6beldesigner fr\u00e5n G\u00f6teborg.\r\nF\u00f6dd i Helsingfors 1975 och en MFA i inredningsarkitektur fr\u00e5n HDK (G\u00f6teborg) &amp; Industriella h\u00f6gskolan (Helsingfors).\r\nSami Kallio Studio designar m\u00f6bler och inredning med fokus p\u00e5 h\u00f6g kvalitet, detaljer och funktion som kr\u00e4ver en god kunskap och erfarenhet inom hantverket och produktutveckling.\u2013 Jag bygger ofta min design p\u00e5 en traditionell och funktionell grund, men f\u00f6rs\u00f6ker \u00e4nd\u00e5 l\u00e4gga till n\u00e5got extra i designen s\u00e5 det blir n\u00e5got nytt.\r\n\r\n<a href=\"http:\/\/www.kallio.nu\/\" target=\"_blank\" rel=\"noopener noreferrer\">www.kallio.nu<\/a>","post_title":"Sami Kallio","post_excerpt":"","post_status":"publish","comment_status":"closed","ping_status":"closed","post_password":"","post_name":"sami-kallio","to_ping":"","pinged":"","post_modified":"2019-03-22 13:03:22","post_modified_gmt":"2019-03-22 13:03:22","post_content_filtered":"","post_parent":"0","guid":"http:\/\/ny.balzar.se\/?post_type=designer&#038;p=127","menu_order":"0","post_type":"designer","post_mime_type":"","comment_count":"0","pod_item_id":"127"},"furniture_materials":[{"ID":"88","post_author":"1","post_date":"2019-03-19 08:58:01","post_date_gmt":"2019-03-19 08:58:01","post_content":"Ett traditionellt skandinaviskt tr\u00e4slag. Vi anv\u00e4nder b\u00e5de massiv bj\u00f6rk och bj\u00f6rkfan\u00e9r i v\u00e5ra m\u00f6bler. Allt tr\u00e4 vi tar in \u00e4r FSC eller PEFC m\u00e4rkt vilket inneb\u00e4r att det \u00e4r lagligt avverkat fr\u00e5n uth\u00e5lligt skogsbruk.","post_title":"Bj\u00f6rk","post_excerpt":"","post_status":"publish","comment_status":"closed","ping_status":"closed","post_password":"","post_name":"birch","to_ping":"","pinged":"","post_modified":"2019-05-24 06:30:54","post_modified_gmt":"2019-05-24 06:30:54","post_content_filtered":"","post_parent":"0","guid":"http:\/\/ny.balzar.se\/?post_type=material&#038;p=88","menu_order":"0","post_type":"material","post_mime_type":"","comment_count":"0","pod_item_id":"88"},{"ID":"87","post_author":"1","post_date":"2019-03-19 08:57:38","post_date_gmt":"2019-03-19 08:57:38","post_content":"Ett vackert ljust tr\u00e4slag med \u00e5dring och karakt\u00e4r. L\u00e4mpar sig v\u00e4l att f\u00e4rga d\u00e5 strukturen syns \u00e4ven n\u00e4r f\u00e4rg t\u00e4cker tr\u00e4et. Vi anv\u00e4nder b\u00e5de massiv ask och askfan\u00e9r. Allt tr\u00e4 vi tar in \u00e4r FSC eller PEFC m\u00e4rkt vilket inneb\u00e4r att det \u00e4r lagligt avverkat fr\u00e5n uth\u00e5lligt skogsbruk.","post_title":"Ask","post_excerpt":"","post_status":"publish","comment_status":"closed","ping_status":"closed","post_password":"","post_name":"ash","to_ping":"","pinged":"","post_modified":"2019-05-24 06:31:17","post_modified_gmt":"2019-05-24 06:31:17","post_content_filtered":"","post_parent":"0","guid":"http:\/\/ny.balzar.se\/?post_type=material&#038;p=87","menu_order":"0","post_type":"material","post_mime_type":"","comment_count":"0","pod_item_id":"87"},{"ID":"91","post_author":"1","post_date":"2019-03-19 09:01:02","post_date_gmt":"2019-03-19 09:01:02","post_content":"","post_title":"Vit","post_excerpt":"","post_status":"publish","comment_status":"closed","ping_status":"closed","post_password":"","post_name":"white","to_ping":"","pinged":"","post_modified":"2023-12-13 08:21:20","post_modified_gmt":"2023-12-13 08:21:20","post_content_filtered":"","post_parent":"0","guid":"http:\/\/ny.balzar.se\/?post_type=material&#038;p=91","menu_order":"0","post_type":"material","post_mime_type":"","comment_count":"0","pod_item_id":"91"},{"ID":"92","post_author":"1","post_date":"2019-03-19 09:01:24","post_date_gmt":"2019-03-19 09:01:24","post_content":"","post_title":"Svart","post_excerpt":"","post_status":"publish","comment_status":"closed","ping_status":"closed","post_password":"","post_name":"black","to_ping":"","pinged":"","post_modified":"2023-12-13 08:20:44","post_modified_gmt":"2023-12-13 08:20:44","post_content_filtered":"","post_parent":"0","guid":"http:\/\/ny.balzar.se\/?post_type=material&#038;p=92","menu_order":"0","post_type":"material","post_mime_type":"","comment_count":"0","pod_item_id":"92"},{"ID":"93","post_author":"1","post_date":"2019-03-19 09:02:31","post_date_gmt":"2019-03-19 09:02:31","post_content":"","post_title":"Valfri f\u00e4rg","post_excerpt":"","post_status":"publish","comment_status":"closed","ping_status":"closed","post_password":"","post_name":"any-color","to_ping":"","pinged":"","post_modified":"2019-04-11 11:14:37","post_modified_gmt":"2019-04-11 11:14:37","post_content_filtered":"","post_parent":"0","guid":"http:\/\/ny.balzar.se\/?post_type=material&#038;p=93","menu_order":"0","post_type":"material","post_mime_type":"","comment_count":"0","pod_item_id":"93"},{"ID":"101","post_author":"1","post_date":"2019-03-19 09:08:22","post_date_gmt":"2019-03-19 09:08:22","post_content":"","post_title":"Pulverlack vit","post_excerpt":"","post_status":"publish","comment_status":"closed","ping_status":"closed","post_password":"","post_name":"powder-coating-vit","to_ping":"","pinged":"","post_modified":"2023-12-13 08:26:08","post_modified_gmt":"2023-12-13 08:26:08","post_content_filtered":"","post_parent":"0","guid":"http:\/\/ny.balzar.se\/?post_type=material&#038;p=101","menu_order":"0","post_type":"material","post_mime_type":"","comment_count":"0","pod_item_id":"101"},{"ID":"100","post_author":"1","post_date":"2019-03-19 09:07:58","post_date_gmt":"2019-03-19 09:07:58","post_content":"","post_title":"Pulverlack gr\u00e5","post_excerpt":"","post_status":"publish","comment_status":"closed","ping_status":"closed","post_password":"","post_name":"powder-coating-gray","to_ping":"","pinged":"","post_modified":"2023-12-13 08:26:34","post_modified_gmt":"2023-12-13 08:26:34","post_content_filtered":"","post_parent":"0","guid":"http:\/\/ny.balzar.se\/?post_type=material&#038;p=100","menu_order":"0","post_type":"material","post_mime_type":"","comment_count":"0","pod_item_id":"100"},{"ID":"99","post_author":"1","post_date":"2019-03-19 09:07:37","post_date_gmt":"2019-03-19 09:07:37","post_content":"","post_title":"Pulverlack svart","post_excerpt":"","post_status":"publish","comment_status":"closed","ping_status":"closed","post_password":"","post_name":"powder-coating-svart","to_ping":"","pinged":"","post_modified":"2023-12-13 08:25:06","post_modified_gmt":"2023-12-13 08:25:06","post_content_filtered":"","post_parent":"0","guid":"http:\/\/ny.balzar.se\/?post_type=material&#038;p=99","menu_order":"0","post_type":"material","post_mime_type":"","comment_count":"0","pod_item_id":"99"},{"ID":"2168","post_author":"3","post_date":"2019-04-12 09:53:11","post_date_gmt":"2019-04-12 09:53:11","post_content":"","post_title":"Tyg standard eller valfritt","post_excerpt":"","post_status":"publish","comment_status":"closed","ping_status":"closed","post_password":"","post_name":"tyg","to_ping":"","pinged":"","post_modified":"2019-04-12 10:04:40","post_modified_gmt":"2019-04-12 10:04:40","post_content_filtered":"","post_parent":"0","guid":"http:\/\/ny.balzar.se\/?post_type=material&#038;p=2168","menu_order":"0","post_type":"material","post_mime_type":"","comment_count":"0","pod_item_id":"2168"},{"ID":"90","post_author":"1","post_date":"2019-03-19 08:59:01","post_date_gmt":"2019-03-19 08:59:01","post_content":"","post_title":"Krom","post_excerpt":"","post_status":"publish","comment_status":"closed","ping_status":"closed","post_password":"","post_name":"chrome","to_ping":"","pinged":"","post_modified":"2019-04-11 11:12:43","post_modified_gmt":"2019-04-11 11:12:43","post_content_filtered":"","post_parent":"0","guid":"http:\/\/ny.balzar.se\/?post_type=material&#038;p=90","menu_order":"0","post_type":"material","post_mime_type":"","comment_count":"0","pod_item_id":"90"}],"furniture_dimention_image_gallery":[{"ID":"511","post_author":"3","post_date":"2019-03-20 11:37:47","post_date_gmt":"2019-03-20 11:37:47","post_content":"","post_title":"BLOCK","post_excerpt":"","post_status":"inherit","comment_status":"open","ping_status":"closed","post_password":"","post_name":"block-2","to_ping":"","pinged":"","post_modified":"2025-11-05 15:50:52","post_modified_gmt":"2025-11-05 14:50:52","post_content_filtered":"","post_parent":"489","guid":"http:\/\/ny.balzar.se\/wp-content\/uploads\/2019\/03\/BLOCK.jpg","menu_order":"0","post_type":"attachment","post_mime_type":"image\/jpeg","comment_count":"0","pod_item_id":"511"}],"furniture_downloads":[{"ID":"4563","post_author":"3","post_date":"2023-10-24 07:26:05","post_date_gmt":"2023-10-24 07:26:05","post_content":"","post_title":"Produktblad (PDF)","post_excerpt":"","post_status":"inherit","comment_status":"open","ping_status":"closed","post_password":"","post_name":"produktblad_block_2023-10-23","to_ping":"","pinged":"","post_modified":"2023-10-24 07:26:35","post_modified_gmt":"2023-10-24 07:26:35","post_content_filtered":"","post_parent":"489","guid":"https:\/\/balzar.se\/wp-content\/uploads\/2019\/03\/Produktblad_Block_2023-10-23.pdf","menu_order":"0","post_type":"attachment","post_mime_type":"application\/pdf","comment_count":"0","pod_item_id":"4563"},{"ID":"2303","post_author":"3","post_date":"2019-06-11 11:46:02","post_date_gmt":"2019-06-11 11:46:02","post_content":"","post_title":"H\u00f6guppl\u00f6sta bilder (ZIP)","post_excerpt":"","post_status":"inherit","comment_status":"open","ping_status":"closed","post_password":"","post_name":"block_s_zip_2019-06-10","to_ping":"","pinged":"","post_modified":"2021-02-01 13:55:58","post_modified_gmt":"2021-02-01 13:55:58","post_content_filtered":"","post_parent":"489","guid":"https:\/\/balzar.se\/wp-content\/uploads\/2019\/03\/Block_S_ZIP_2019-06-10.zip","menu_order":"0","post_type":"attachment","post_mime_type":"application\/zip","comment_count":"0","pod_item_id":"2303"},{"ID":"5016","post_author":"3","post_date":"2024-12-09 13:44:01","post_date_gmt":"2024-12-09 12:44:01","post_content":"","post_title":"AutoCAD 2D (DWG)","post_excerpt":"","post_status":"inherit","comment_status":"open","ping_status":"closed","post_password":"","post_name":"block-s-ks-2024-12-09-dwg","to_ping":"","pinged":"","post_modified":"2024-12-09 13:45:02","post_modified_gmt":"2024-12-09 12:45:02","post_content_filtered":"","post_parent":"489","guid":"https:\/\/balzar.se\/wp-content\/uploads\/2024\/12\/Block-S-KS-2024-12-09.DWG_.zip","menu_order":"0","post_type":"attachment","post_mime_type":"application\/zip","comment_count":"0","pod_item_id":"5016"},{"ID":"3139","post_author":"1","post_date":"2020-11-20 11:53:55","post_date_gmt":"2020-11-20 11:53:55","post_content":"","post_title":"AutoCAD 3D (DWG)","post_excerpt":"","post_status":"inherit","comment_status":"open","ping_status":"closed","post_password":"","post_name":"block-3d-dwg-2015-09-28","to_ping":"","pinged":"","post_modified":"2021-02-01 13:56:34","post_modified_gmt":"2021-02-01 13:56:34","post_content_filtered":"","post_parent":"489","guid":"https:\/\/balzar.se\/wp-content\/uploads\/2019\/03\/Block-3D-DWG-2015-09-28.zip","menu_order":"0","post_type":"attachment","post_mime_type":"application\/zip","comment_count":"0","pod_item_id":"3139"},{"ID":"3138","post_author":"1","post_date":"2020-11-20 11:53:55","post_date_gmt":"2020-11-20 11:53:55","post_content":"","post_title":"Revit (RFA)","post_excerpt":"","post_status":"inherit","comment_status":"open","ping_status":"closed","post_password":"","post_name":"block-rfa-2015-09-28","to_ping":"","pinged":"","post_modified":"2021-02-01 13:56:34","post_modified_gmt":"2021-02-01 13:56:34","post_content_filtered":"","post_parent":"489","guid":"https:\/\/balzar.se\/wp-content\/uploads\/2019\/03\/Block-RFA-2015-09-28.zip","menu_order":"0","post_type":"attachment","post_mime_type":"application\/zip","comment_count":"0","pod_item_id":"3138"},{"ID":"3276","post_author":"1","post_date":"2021-02-01 13:55:43","post_date_gmt":"2021-02-01 13:55:43","post_content":"","post_title":"ArchiCAD (GSM)","post_excerpt":"","post_status":"inherit","comment_status":"open","ping_status":"closed","post_password":"","post_name":"block-3","to_ping":"","pinged":"","post_modified":"2021-02-01 13:55:58","post_modified_gmt":"2021-02-01 13:55:58","post_content_filtered":"","post_parent":"489","guid":"https:\/\/balzar.se\/wp-content\/uploads\/2019\/03\/Block-.zip","menu_order":"0","post_type":"attachment","post_mime_type":"application\/zip","comment_count":"0","pod_item_id":"3276"}],"furniture_product_description":"","ID":489,"post_title":"Block","post_content":"<p class=\"p1\"><span class=\"s1\">Block stapelbar stol i metall<\/span>\u00a0\u00e4r en gener\u00f6s och genomarbetad skapelse av <span class=\"s1\">Sami Kallio<\/span>, d\u00e4r sits och rygg i skiktlimmat formpressat tr\u00e4 m\u00f6ter ett elegant underrede i metall. Den smart utformade ryggen har en tjockare underdel som ger ett rent, distinkt uttryck samtidigt som den \u00f6vre delen h\u00e5lls tunn och f\u00f6ljsam.<\/p>\r\n<p class=\"p1\">Stolen \u00e4r l\u00e4tt, staplar t\u00e4tt och erbjuder h\u00f6g sittkomfort tack vare den gener\u00f6sa sitsen och ryggbrickan. Block kombinerar funktion och v\u00e4rme i en tidl\u00f6s design d\u00e4r materialens m\u00f6te mellan tr\u00e4 och metall ger ett samtida uttryck.<\/p>\r\n<p class=\"p1\">Sitsen kan f\u00e5s i tr\u00e4 eller kl\u00e4dd variant och stolen tillverkas i ask eller bj\u00f6rk, med m\u00f6jlighet till andra tr\u00e4slag p\u00e5 f\u00f6rfr\u00e5gan. Ytbehandling klar- eller pigmenterad lack, samt alternativ i pulverlack eller krom f\u00f6r metallunderredet.<\/p>\r\nSe \u00e4ven <a href=\"https:\/\/balzarbeskow.se\/stolar\/block-ks\">Block KS<\/a> \u2013 karmstolsvariant i samma serie\r\n<p class=\"p1\">Tillverkad i Sverige och m\u00e4rkt med <a href=\"https:\/\/products.mobelfakta.se\/Details.html?id=4348\">M\u00f6belfakta<\/a>.<\/p>","post_excerpt":"","post_author":"3","post_date":"2019-01-14 01:25:57","post_date_gmt":"2019-01-14 00:25:57","post_status":"publish","comment_status":"closed","ping_status":"closed","post_password":"","post_name":"stolar-block","to_ping":"","pinged":"","post_modified":"2026-02-10 15:06:23","post_modified_gmt":"2026-02-10 14:06:23","post_content_filtered":"","post_parent":0,"guid":"http:\/\/ny.balzar.se\/?post_type=furniture&#038;p=489","menu_order":0,"post_type":"furniture","post_mime_type":"","comment_count":"0","comments":false,"_thumbnail_id":{"ID":"3247","post_author":"3","post_date":"2021-02-01 10:54:33","post_date_gmt":"2021-02-01 10:54:33","post_content":"","post_title":"Balzar Beskow Block 2017-01-31 Nr 10","post_excerpt":"","post_status":"inherit","comment_status":"open","ping_status":"closed","post_password":"","post_name":"balzar-beskow-block-2017-01-31-nr-10-2","to_ping":"","pinged":"","post_modified":"2025-11-05 15:29:23","post_modified_gmt":"2025-11-05 14:29:23","post_content_filtered":"","post_parent":"489","guid":"https:\/\/balzar.se\/wp-content\/uploads\/2019\/03\/Balzar-Beskow-Block-2017-01-31-Nr-10-1.jpg","menu_order":"0","post_type":"attachment","post_mime_type":"image\/jpeg","comment_count":"0","pod_item_id":"3247"},"furniture_category":[{"term_id":"10","name":"Stolar","slug":"chairs","term_group":"0","term_order":"1","term_taxonomy_id":"10","taxonomy":"furniture_category","description":"","parent":"3","count":"16","object_id":"5078","pod_item_id":"10"}],"id":489},{"furniture_image_gallery":[{"ID":"673","post_author":"3","post_date":"2019-03-20 14:57:14","post_date_gmt":"2019-03-20 14:57:14","post_content":"","post_title":"Balzar Beskow Block 2017-01-31 Nr 3","post_excerpt":"","post_status":"inherit","comment_status":"open","ping_status":"closed","post_password":"","post_name":"balzar-beskow-block-2017-01-31-nr-3","to_ping":"","pinged":"","post_modified":"2025-11-05 15:50:26","post_modified_gmt":"2025-11-05 14:50:26","post_content_filtered":"","post_parent":"488","guid":"http:\/\/ny.balzar.se\/wp-content\/uploads\/2019\/03\/Balzar-Beskow-Block-2017-01-31-Nr-3.jpg","menu_order":"0","post_type":"attachment","post_mime_type":"image\/jpeg","comment_count":"0","pod_item_id":"673"},{"ID":"676","post_author":"3","post_date":"2019-03-20 14:57:26","post_date_gmt":"2019-03-20 14:57:26","post_content":"","post_title":"Balzar Beskow Block 2017-01-31 Nr 6","post_excerpt":"","post_status":"inherit","comment_status":"open","ping_status":"closed","post_password":"","post_name":"balzar-beskow-block-2017-01-31-nr-6","to_ping":"","pinged":"","post_modified":"2025-11-05 15:50:20","post_modified_gmt":"2025-11-05 14:50:20","post_content_filtered":"","post_parent":"488","guid":"http:\/\/ny.balzar.se\/wp-content\/uploads\/2019\/03\/Balzar-Beskow-Block-2017-01-31-Nr-6.jpg","menu_order":"0","post_type":"attachment","post_mime_type":"image\/jpeg","comment_count":"0","pod_item_id":"676"},{"ID":"674","post_author":"3","post_date":"2019-03-20 14:57:18","post_date_gmt":"2019-03-20 14:57:18","post_content":"","post_title":"Balzar Beskow Block 2017-01-31 Nr 4","post_excerpt":"","post_status":"inherit","comment_status":"open","ping_status":"closed","post_password":"","post_name":"balzar-beskow-block-2017-01-31-nr-4","to_ping":"","pinged":"","post_modified":"2025-11-05 15:50:24","post_modified_gmt":"2025-11-05 14:50:24","post_content_filtered":"","post_parent":"488","guid":"http:\/\/ny.balzar.se\/wp-content\/uploads\/2019\/03\/Balzar-Beskow-Block-2017-01-31-Nr-4.jpg","menu_order":"0","post_type":"attachment","post_mime_type":"image\/jpeg","comment_count":"0","pod_item_id":"674"},{"ID":"675","post_author":"3","post_date":"2019-03-20 14:57:22","post_date_gmt":"2019-03-20 14:57:22","post_content":"","post_title":"Balzar Beskow Block 2017-01-31 Nr 5","post_excerpt":"","post_status":"inherit","comment_status":"open","ping_status":"closed","post_password":"","post_name":"balzar-beskow-block-2017-01-31-nr-5","to_ping":"","pinged":"","post_modified":"2025-11-05 15:50:22","post_modified_gmt":"2025-11-05 14:50:22","post_content_filtered":"","post_parent":"488","guid":"http:\/\/ny.balzar.se\/wp-content\/uploads\/2019\/03\/Balzar-Beskow-Block-2017-01-31-Nr-5.jpg","menu_order":"0","post_type":"attachment","post_mime_type":"image\/jpeg","comment_count":"0","pod_item_id":"675"},{"ID":"677","post_author":"3","post_date":"2019-03-20 14:57:31","post_date_gmt":"2019-03-20 14:57:31","post_content":"","post_title":"Balzar Beskow Block 2017-01-31 Nr 13","post_excerpt":"","post_status":"inherit","comment_status":"open","ping_status":"closed","post_password":"","post_name":"balzar-beskow-block-2017-01-31-nr-13","to_ping":"","pinged":"","post_modified":"2025-11-05 15:50:18","post_modified_gmt":"2025-11-05 14:50:18","post_content_filtered":"","post_parent":"488","guid":"http:\/\/ny.balzar.se\/wp-content\/uploads\/2019\/03\/Balzar-Beskow-Block-2017-01-31-Nr-13.jpg","menu_order":"0","post_type":"attachment","post_mime_type":"image\/jpeg","comment_count":"0","pod_item_id":"677"},{"ID":"678","post_author":"3","post_date":"2019-03-20 14:57:36","post_date_gmt":"2019-03-20 14:57:36","post_content":"","post_title":"Balzar Beskow Block 2017-01-31 Nr 15","post_excerpt":"","post_status":"inherit","comment_status":"open","ping_status":"closed","post_password":"","post_name":"balzar-beskow-block-2017-01-31-nr-15","to_ping":"","pinged":"","post_modified":"2025-11-05 15:50:16","post_modified_gmt":"2025-11-05 14:50:16","post_content_filtered":"","post_parent":"488","guid":"http:\/\/ny.balzar.se\/wp-content\/uploads\/2019\/03\/Balzar-Beskow-Block-2017-01-31-Nr-15.jpg","menu_order":"0","post_type":"attachment","post_mime_type":"image\/jpeg","comment_count":"0","pod_item_id":"678"}],"furniture_jumbotron_image":false,"release_date":"0000-00-00","furnitures_designer":{"ID":"127","post_author":"3","post_date":"2019-03-19 10:39:28","post_date_gmt":"2019-03-19 10:39:28","post_content":"Sami Kallio \u2013 Inredningsarkitekt och m\u00f6beldesigner fr\u00e5n G\u00f6teborg.\r\nF\u00f6dd i Helsingfors 1975 och en MFA i inredningsarkitektur fr\u00e5n HDK (G\u00f6teborg) &amp; Industriella h\u00f6gskolan (Helsingfors).\r\nSami Kallio Studio designar m\u00f6bler och inredning med fokus p\u00e5 h\u00f6g kvalitet, detaljer och funktion som kr\u00e4ver en god kunskap och erfarenhet inom hantverket och produktutveckling.\u2013 Jag bygger ofta min design p\u00e5 en traditionell och funktionell grund, men f\u00f6rs\u00f6ker \u00e4nd\u00e5 l\u00e4gga till n\u00e5got extra i designen s\u00e5 det blir n\u00e5got nytt.\r\n\r\n<a href=\"http:\/\/www.kallio.nu\/\" target=\"_blank\" rel=\"noopener noreferrer\">www.kallio.nu<\/a>","post_title":"Sami Kallio","post_excerpt":"","post_status":"publish","comment_status":"closed","ping_status":"closed","post_password":"","post_name":"sami-kallio","to_ping":"","pinged":"","post_modified":"2019-03-22 13:03:22","post_modified_gmt":"2019-03-22 13:03:22","post_content_filtered":"","post_parent":"0","guid":"http:\/\/ny.balzar.se\/?post_type=designer&#038;p=127","menu_order":"0","post_type":"designer","post_mime_type":"","comment_count":"0","pod_item_id":"127"},"furniture_materials":[{"ID":"88","post_author":"1","post_date":"2019-03-19 08:58:01","post_date_gmt":"2019-03-19 08:58:01","post_content":"Ett traditionellt skandinaviskt tr\u00e4slag. Vi anv\u00e4nder b\u00e5de massiv bj\u00f6rk och bj\u00f6rkfan\u00e9r i v\u00e5ra m\u00f6bler. Allt tr\u00e4 vi tar in \u00e4r FSC eller PEFC m\u00e4rkt vilket inneb\u00e4r att det \u00e4r lagligt avverkat fr\u00e5n uth\u00e5lligt skogsbruk.","post_title":"Bj\u00f6rk","post_excerpt":"","post_status":"publish","comment_status":"closed","ping_status":"closed","post_password":"","post_name":"birch","to_ping":"","pinged":"","post_modified":"2019-05-24 06:30:54","post_modified_gmt":"2019-05-24 06:30:54","post_content_filtered":"","post_parent":"0","guid":"http:\/\/ny.balzar.se\/?post_type=material&#038;p=88","menu_order":"0","post_type":"material","post_mime_type":"","comment_count":"0","pod_item_id":"88"},{"ID":"87","post_author":"1","post_date":"2019-03-19 08:57:38","post_date_gmt":"2019-03-19 08:57:38","post_content":"Ett vackert ljust tr\u00e4slag med \u00e5dring och karakt\u00e4r. L\u00e4mpar sig v\u00e4l att f\u00e4rga d\u00e5 strukturen syns \u00e4ven n\u00e4r f\u00e4rg t\u00e4cker tr\u00e4et. Vi anv\u00e4nder b\u00e5de massiv ask och askfan\u00e9r. Allt tr\u00e4 vi tar in \u00e4r FSC eller PEFC m\u00e4rkt vilket inneb\u00e4r att det \u00e4r lagligt avverkat fr\u00e5n uth\u00e5lligt skogsbruk.","post_title":"Ask","post_excerpt":"","post_status":"publish","comment_status":"closed","ping_status":"closed","post_password":"","post_name":"ash","to_ping":"","pinged":"","post_modified":"2019-05-24 06:31:17","post_modified_gmt":"2019-05-24 06:31:17","post_content_filtered":"","post_parent":"0","guid":"http:\/\/ny.balzar.se\/?post_type=material&#038;p=87","menu_order":"0","post_type":"material","post_mime_type":"","comment_count":"0","pod_item_id":"87"},{"ID":"91","post_author":"1","post_date":"2019-03-19 09:01:02","post_date_gmt":"2019-03-19 09:01:02","post_content":"","post_title":"Vit","post_excerpt":"","post_status":"publish","comment_status":"closed","ping_status":"closed","post_password":"","post_name":"white","to_ping":"","pinged":"","post_modified":"2023-12-13 08:21:20","post_modified_gmt":"2023-12-13 08:21:20","post_content_filtered":"","post_parent":"0","guid":"http:\/\/ny.balzar.se\/?post_type=material&#038;p=91","menu_order":"0","post_type":"material","post_mime_type":"","comment_count":"0","pod_item_id":"91"},{"ID":"92","post_author":"1","post_date":"2019-03-19 09:01:24","post_date_gmt":"2019-03-19 09:01:24","post_content":"","post_title":"Svart","post_excerpt":"","post_status":"publish","comment_status":"closed","ping_status":"closed","post_password":"","post_name":"black","to_ping":"","pinged":"","post_modified":"2023-12-13 08:20:44","post_modified_gmt":"2023-12-13 08:20:44","post_content_filtered":"","post_parent":"0","guid":"http:\/\/ny.balzar.se\/?post_type=material&#038;p=92","menu_order":"0","post_type":"material","post_mime_type":"","comment_count":"0","pod_item_id":"92"},{"ID":"93","post_author":"1","post_date":"2019-03-19 09:02:31","post_date_gmt":"2019-03-19 09:02:31","post_content":"","post_title":"Valfri f\u00e4rg","post_excerpt":"","post_status":"publish","comment_status":"closed","ping_status":"closed","post_password":"","post_name":"any-color","to_ping":"","pinged":"","post_modified":"2019-04-11 11:14:37","post_modified_gmt":"2019-04-11 11:14:37","post_content_filtered":"","post_parent":"0","guid":"http:\/\/ny.balzar.se\/?post_type=material&#038;p=93","menu_order":"0","post_type":"material","post_mime_type":"","comment_count":"0","pod_item_id":"93"},{"ID":"101","post_author":"1","post_date":"2019-03-19 09:08:22","post_date_gmt":"2019-03-19 09:08:22","post_content":"","post_title":"Pulverlack vit","post_excerpt":"","post_status":"publish","comment_status":"closed","ping_status":"closed","post_password":"","post_name":"powder-coating-vit","to_ping":"","pinged":"","post_modified":"2023-12-13 08:26:08","post_modified_gmt":"2023-12-13 08:26:08","post_content_filtered":"","post_parent":"0","guid":"http:\/\/ny.balzar.se\/?post_type=material&#038;p=101","menu_order":"0","post_type":"material","post_mime_type":"","comment_count":"0","pod_item_id":"101"},{"ID":"100","post_author":"1","post_date":"2019-03-19 09:07:58","post_date_gmt":"2019-03-19 09:07:58","post_content":"","post_title":"Pulverlack gr\u00e5","post_excerpt":"","post_status":"publish","comment_status":"closed","ping_status":"closed","post_password":"","post_name":"powder-coating-gray","to_ping":"","pinged":"","post_modified":"2023-12-13 08:26:34","post_modified_gmt":"2023-12-13 08:26:34","post_content_filtered":"","post_parent":"0","guid":"http:\/\/ny.balzar.se\/?post_type=material&#038;p=100","menu_order":"0","post_type":"material","post_mime_type":"","comment_count":"0","pod_item_id":"100"},{"ID":"99","post_author":"1","post_date":"2019-03-19 09:07:37","post_date_gmt":"2019-03-19 09:07:37","post_content":"","post_title":"Pulverlack svart","post_excerpt":"","post_status":"publish","comment_status":"closed","ping_status":"closed","post_password":"","post_name":"powder-coating-svart","to_ping":"","pinged":"","post_modified":"2023-12-13 08:25:06","post_modified_gmt":"2023-12-13 08:25:06","post_content_filtered":"","post_parent":"0","guid":"http:\/\/ny.balzar.se\/?post_type=material&#038;p=99","menu_order":"0","post_type":"material","post_mime_type":"","comment_count":"0","pod_item_id":"99"},{"ID":"2168","post_author":"3","post_date":"2019-04-12 09:53:11","post_date_gmt":"2019-04-12 09:53:11","post_content":"","post_title":"Tyg standard eller valfritt","post_excerpt":"","post_status":"publish","comment_status":"closed","ping_status":"closed","post_password":"","post_name":"tyg","to_ping":"","pinged":"","post_modified":"2019-04-12 10:04:40","post_modified_gmt":"2019-04-12 10:04:40","post_content_filtered":"","post_parent":"0","guid":"http:\/\/ny.balzar.se\/?post_type=material&#038;p=2168","menu_order":"0","post_type":"material","post_mime_type":"","comment_count":"0","pod_item_id":"2168"}],"furniture_dimention_image_gallery":[{"ID":"510","post_author":"3","post_date":"2019-03-20 11:37:46","post_date_gmt":"2019-03-20 11:37:46","post_content":"","post_title":"BLOCK KS","post_excerpt":"","post_status":"inherit","comment_status":"open","ping_status":"closed","post_password":"","post_name":"block-ks-2","to_ping":"","pinged":"","post_modified":"2025-11-05 15:50:57","post_modified_gmt":"2025-11-05 14:50:57","post_content_filtered":"","post_parent":"488","guid":"http:\/\/ny.balzar.se\/wp-content\/uploads\/2019\/03\/BLOCK-KS.jpg","menu_order":"0","post_type":"attachment","post_mime_type":"image\/jpeg","comment_count":"0","pod_item_id":"510"}],"furniture_downloads":[{"ID":"4563","post_author":"3","post_date":"2023-10-24 07:26:05","post_date_gmt":"2023-10-24 07:26:05","post_content":"","post_title":"Produktblad (PDF)","post_excerpt":"","post_status":"inherit","comment_status":"open","ping_status":"closed","post_password":"","post_name":"produktblad_block_2023-10-23","to_ping":"","pinged":"","post_modified":"2023-10-24 07:26:35","post_modified_gmt":"2023-10-24 07:26:35","post_content_filtered":"","post_parent":"489","guid":"https:\/\/balzar.se\/wp-content\/uploads\/2019\/03\/Produktblad_Block_2023-10-23.pdf","menu_order":"0","post_type":"attachment","post_mime_type":"application\/pdf","comment_count":"0","pod_item_id":"4563"},{"ID":"2304","post_author":"3","post_date":"2019-06-11 11:46:25","post_date_gmt":"2019-06-11 11:46:25","post_content":"","post_title":"H\u00f6guppl\u00f6sta bilder (ZIP)","post_excerpt":"","post_status":"inherit","comment_status":"open","ping_status":"closed","post_password":"","post_name":"block_ks_zip_2019-06-10","to_ping":"","pinged":"","post_modified":"2021-02-01 13:56:34","post_modified_gmt":"2021-02-01 13:56:34","post_content_filtered":"","post_parent":"488","guid":"https:\/\/balzar.se\/wp-content\/uploads\/2019\/03\/Block_KS_ZIP_2019-06-10.zip","menu_order":"0","post_type":"attachment","post_mime_type":"application\/zip","comment_count":"0","pod_item_id":"2304"},{"ID":"5016","post_author":"3","post_date":"2024-12-09 13:44:01","post_date_gmt":"2024-12-09 12:44:01","post_content":"","post_title":"AutoCAD 2D (DWG)","post_excerpt":"","post_status":"inherit","comment_status":"open","ping_status":"closed","post_password":"","post_name":"block-s-ks-2024-12-09-dwg","to_ping":"","pinged":"","post_modified":"2024-12-09 13:45:02","post_modified_gmt":"2024-12-09 12:45:02","post_content_filtered":"","post_parent":"489","guid":"https:\/\/balzar.se\/wp-content\/uploads\/2024\/12\/Block-S-KS-2024-12-09.DWG_.zip","menu_order":"0","post_type":"attachment","post_mime_type":"application\/zip","comment_count":"0","pod_item_id":"5016"},{"ID":"3139","post_author":"1","post_date":"2020-11-20 11:53:55","post_date_gmt":"2020-11-20 11:53:55","post_content":"","post_title":"AutoCAD 3D (DWG)","post_excerpt":"","post_status":"inherit","comment_status":"open","ping_status":"closed","post_password":"","post_name":"block-3d-dwg-2015-09-28","to_ping":"","pinged":"","post_modified":"2021-02-01 13:56:34","post_modified_gmt":"2021-02-01 13:56:34","post_content_filtered":"","post_parent":"489","guid":"https:\/\/balzar.se\/wp-content\/uploads\/2019\/03\/Block-3D-DWG-2015-09-28.zip","menu_order":"0","post_type":"attachment","post_mime_type":"application\/zip","comment_count":"0","pod_item_id":"3139"},{"ID":"3138","post_author":"1","post_date":"2020-11-20 11:53:55","post_date_gmt":"2020-11-20 11:53:55","post_content":"","post_title":"Revit (RFA)","post_excerpt":"","post_status":"inherit","comment_status":"open","ping_status":"closed","post_password":"","post_name":"block-rfa-2015-09-28","to_ping":"","pinged":"","post_modified":"2021-02-01 13:56:34","post_modified_gmt":"2021-02-01 13:56:34","post_content_filtered":"","post_parent":"489","guid":"https:\/\/balzar.se\/wp-content\/uploads\/2019\/03\/Block-RFA-2015-09-28.zip","menu_order":"0","post_type":"attachment","post_mime_type":"application\/zip","comment_count":"0","pod_item_id":"3138"},{"ID":"3277","post_author":"1","post_date":"2021-02-01 13:56:25","post_date_gmt":"2021-02-01 13:56:25","post_content":"","post_title":"ArchiCAD (GSM)","post_excerpt":"","post_status":"inherit","comment_status":"open","ping_status":"closed","post_password":"","post_name":"block-ks-3","to_ping":"","pinged":"","post_modified":"2021-02-01 13:56:34","post_modified_gmt":"2021-02-01 13:56:34","post_content_filtered":"","post_parent":"488","guid":"https:\/\/balzar.se\/wp-content\/uploads\/2019\/03\/Block-KS.zip","menu_order":"0","post_type":"attachment","post_mime_type":"application\/zip","comment_count":"0","pod_item_id":"3277"}],"furniture_product_description":"","ID":488,"post_title":"Block KS","post_content":"<p class=\"p1\"><span class=\"s1\">Block KS stapelbar karmstol i metall<\/span>\u00a0\u00e4r en gener\u00f6s och genomarbetad skapelse av <span class=\"s1\">Sami Kallio<\/span>, d\u00e4r sits och rygg i skiktlimmat formpressat tr\u00e4 m\u00f6ter ett elegant underrede i metall. Den smart utformade ryggen har en tjockare underdel som ger ett rent, distinkt uttryck samtidigt som den \u00f6vre delen h\u00e5lls tunn och f\u00f6ljsam.<\/p>\r\n<p class=\"p1\">Block KS har integrerade armst\u00f6d som ger extra komfort och ett v\u00e4lbalanserat visuellt intryck. Karmstolen \u00e4r l\u00e4tt, staplar t\u00e4tt och erbjuder h\u00f6g sittkomfort tack vare de gener\u00f6sa proportionerna i sits och rygg. Materialm\u00f6tena mellan tr\u00e4, metall och textil skapar ett uttryck som \u00e4r b\u00e5de varmt och samtida.<\/p>\r\n<p class=\"p1\">Tillverkas i ask eller bj\u00f6rk, med m\u00f6jlighet till andra tr\u00e4slag p\u00e5 f\u00f6rfr\u00e5gan. Ytbehandling i klar- eller pigmenterad lack, samt alternativ i pulverlack eller krom f\u00f6r metallunderredet.<\/p>\r\nSe \u00e4ven <a href=\"https:\/\/balzar.se\/furnitures\/stolar-block\/\" target=\"_blank\" rel=\"noopener\">Block<\/a> \u2013 karmstolsvariant i samma serie\r\n<p class=\"p1\">Tillverkad i Sverige och m\u00e4rkt med <a href=\"https:\/\/products.mobelfakta.se\/Details.html?id=4348\" target=\"_blank\" rel=\"noopener\">M\u00f6belfakta<\/a>.<\/p>","post_excerpt":"","post_author":"3","post_date":"2019-01-13 01:20:37","post_date_gmt":"2019-01-13 00:20:37","post_status":"publish","comment_status":"closed","ping_status":"closed","post_password":"","post_name":"stolar-block-ks","to_ping":"","pinged":"","post_modified":"2026-02-10 15:06:34","post_modified_gmt":"2026-02-10 14:06:34","post_content_filtered":"","post_parent":0,"guid":"http:\/\/ny.balzar.se\/?post_type=furniture&#038;p=488","menu_order":0,"post_type":"furniture","post_mime_type":"","comment_count":"0","comments":false,"_thumbnail_id":{"ID":"3248","post_author":"3","post_date":"2021-02-01 10:54:53","post_date_gmt":"2021-02-01 10:54:53","post_content":"","post_title":"Balzar Beskow Block 2017-01-31 Nr 40","post_excerpt":"","post_status":"inherit","comment_status":"open","ping_status":"closed","post_password":"","post_name":"balzar-beskow-block-2017-01-31-nr-40","to_ping":"","pinged":"","post_modified":"2025-11-05 15:50:10","post_modified_gmt":"2025-11-05 14:50:10","post_content_filtered":"","post_parent":"488","guid":"https:\/\/balzar.se\/wp-content\/uploads\/2019\/03\/Balzar-Beskow-Block-2017-01-31-Nr-40.jpg","menu_order":"0","post_type":"attachment","post_mime_type":"image\/jpeg","comment_count":"0","pod_item_id":"3248"},"furniture_category":[{"term_id":"10","name":"Stolar","slug":"chairs","term_group":"0","term_order":"1","term_taxonomy_id":"10","taxonomy":"furniture_category","description":"","parent":"3","count":"16","object_id":"5078","pod_item_id":"10"}],"id":488},{"furniture_image_gallery":[{"ID":"650","post_author":"3","post_date":"2019-03-20 14:39:54","post_date_gmt":"2019-03-20 14:39:54","post_content":"","post_title":"Balzar Beskow 2018-01-29_Gbg_Nr9","post_excerpt":"","post_status":"inherit","comment_status":"open","ping_status":"closed","post_password":"","post_name":"balzar-beskow-2018-01-29_gbg_nr9-2","to_ping":"","pinged":"","post_modified":"2022-09-09 14:17:31","post_modified_gmt":"2022-09-09 14:17:31","post_content_filtered":"","post_parent":"486","guid":"http:\/\/ny.balzar.se\/wp-content\/uploads\/2019\/03\/Balzar-Beskow-2018-01-29_Gbg_Nr9-1.jpg","menu_order":"0","post_type":"attachment","post_mime_type":"image\/jpeg","comment_count":"0","pod_item_id":"650"},{"ID":"651","post_author":"3","post_date":"2019-03-20 14:39:58","post_date_gmt":"2019-03-20 14:39:58","post_content":"","post_title":"Balzar Beskow 2018-01-29_Gbg_Nr11","post_excerpt":"","post_status":"inherit","comment_status":"open","ping_status":"closed","post_password":"","post_name":"balzar-beskow-2018-01-29_gbg_nr11-2","to_ping":"","pinged":"","post_modified":"2022-09-09 14:17:31","post_modified_gmt":"2022-09-09 14:17:31","post_content_filtered":"","post_parent":"486","guid":"http:\/\/ny.balzar.se\/wp-content\/uploads\/2019\/03\/Balzar-Beskow-2018-01-29_Gbg_Nr11-1.jpg","menu_order":"0","post_type":"attachment","post_mime_type":"image\/jpeg","comment_count":"0","pod_item_id":"651"},{"ID":"653","post_author":"3","post_date":"2019-03-20 14:40:07","post_date_gmt":"2019-03-20 14:40:07","post_content":"","post_title":"Balzar Beskow 2018-01-29_Gbg_Nr14","post_excerpt":"","post_status":"inherit","comment_status":"open","ping_status":"closed","post_password":"","post_name":"balzar-beskow-2018-01-29_gbg_nr14-2","to_ping":"","pinged":"","post_modified":"2022-09-09 14:17:31","post_modified_gmt":"2022-09-09 14:17:31","post_content_filtered":"","post_parent":"486","guid":"http:\/\/ny.balzar.se\/wp-content\/uploads\/2019\/03\/Balzar-Beskow-2018-01-29_Gbg_Nr14-1.jpg","menu_order":"0","post_type":"attachment","post_mime_type":"image\/jpeg","comment_count":"0","pod_item_id":"653"},{"ID":"652","post_author":"3","post_date":"2019-03-20 14:40:03","post_date_gmt":"2019-03-20 14:40:03","post_content":"","post_title":"Balzar Beskow 2018-01-29_Gbg_Nr13","post_excerpt":"","post_status":"inherit","comment_status":"open","ping_status":"closed","post_password":"","post_name":"balzar-beskow-2018-01-29_gbg_nr13-2","to_ping":"","pinged":"","post_modified":"2022-09-09 14:17:31","post_modified_gmt":"2022-09-09 14:17:31","post_content_filtered":"","post_parent":"486","guid":"http:\/\/ny.balzar.se\/wp-content\/uploads\/2019\/03\/Balzar-Beskow-2018-01-29_Gbg_Nr13-1.jpg","menu_order":"0","post_type":"attachment","post_mime_type":"image\/jpeg","comment_count":"0","pod_item_id":"652"},{"ID":"659","post_author":"3","post_date":"2019-03-20 14:40:33","post_date_gmt":"2019-03-20 14:40:33","post_content":"","post_title":"Balzar_Beskow_2019-01-24_UNITE_Nr6","post_excerpt":"","post_status":"inherit","comment_status":"open","ping_status":"closed","post_password":"","post_name":"balzar_beskow_2019-01-24_unite_nr6","to_ping":"","pinged":"","post_modified":"2022-09-09 14:17:31","post_modified_gmt":"2022-09-09 14:17:31","post_content_filtered":"","post_parent":"486","guid":"http:\/\/ny.balzar.se\/wp-content\/uploads\/2019\/03\/Balzar_Beskow_2019-01-24_UNITE_Nr6.jpg","menu_order":"0","post_type":"attachment","post_mime_type":"image\/jpeg","comment_count":"0","pod_item_id":"659"},{"ID":"658","post_author":"3","post_date":"2019-03-20 14:40:29","post_date_gmt":"2019-03-20 14:40:29","post_content":"","post_title":"Balzar_Beskow_2019-01-24_GBG_Nr5","post_excerpt":"","post_status":"inherit","comment_status":"open","ping_status":"closed","post_password":"","post_name":"balzar_beskow_2019-01-24_gbg_nr5-2","to_ping":"","pinged":"","post_modified":"2022-09-09 14:17:31","post_modified_gmt":"2022-09-09 14:17:31","post_content_filtered":"","post_parent":"486","guid":"http:\/\/ny.balzar.se\/wp-content\/uploads\/2019\/03\/Balzar_Beskow_2019-01-24_GBG_Nr5-1.jpg","menu_order":"0","post_type":"attachment","post_mime_type":"image\/jpeg","comment_count":"0","pod_item_id":"658"},{"ID":"654","post_author":"3","post_date":"2019-03-20 14:40:11","post_date_gmt":"2019-03-20 14:40:11","post_content":"","post_title":"Balzar_Beskow_2019-01-24_GBG_Nr1","post_excerpt":"","post_status":"inherit","comment_status":"open","ping_status":"closed","post_password":"","post_name":"balzar_beskow_2019-01-24_gbg_nr1-2","to_ping":"","pinged":"","post_modified":"2022-09-09 14:17:31","post_modified_gmt":"2022-09-09 14:17:31","post_content_filtered":"","post_parent":"486","guid":"http:\/\/ny.balzar.se\/wp-content\/uploads\/2019\/03\/Balzar_Beskow_2019-01-24_GBG_Nr1-1.jpg","menu_order":"0","post_type":"attachment","post_mime_type":"image\/jpeg","comment_count":"0","pod_item_id":"654"},{"ID":"655","post_author":"3","post_date":"2019-03-20 14:40:16","post_date_gmt":"2019-03-20 14:40:16","post_content":"","post_title":"Balzar_Beskow_2019-01-24_GBG_Nr2","post_excerpt":"","post_status":"inherit","comment_status":"open","ping_status":"closed","post_password":"","post_name":"balzar_beskow_2019-01-24_gbg_nr2-2","to_ping":"","pinged":"","post_modified":"2022-09-09 14:17:31","post_modified_gmt":"2022-09-09 14:17:31","post_content_filtered":"","post_parent":"486","guid":"http:\/\/ny.balzar.se\/wp-content\/uploads\/2019\/03\/Balzar_Beskow_2019-01-24_GBG_Nr2-1.jpg","menu_order":"0","post_type":"attachment","post_mime_type":"image\/jpeg","comment_count":"0","pod_item_id":"655"},{"ID":"656","post_author":"3","post_date":"2019-03-20 14:40:20","post_date_gmt":"2019-03-20 14:40:20","post_content":"","post_title":"Balzar_Beskow_2019-01-24_GBG_Nr3","post_excerpt":"","post_status":"inherit","comment_status":"open","ping_status":"closed","post_password":"","post_name":"balzar_beskow_2019-01-24_gbg_nr3-2","to_ping":"","pinged":"","post_modified":"2022-09-09 14:17:31","post_modified_gmt":"2022-09-09 14:17:31","post_content_filtered":"","post_parent":"486","guid":"http:\/\/ny.balzar.se\/wp-content\/uploads\/2019\/03\/Balzar_Beskow_2019-01-24_GBG_Nr3-1.jpg","menu_order":"0","post_type":"attachment","post_mime_type":"image\/jpeg","comment_count":"0","pod_item_id":"656"},{"ID":"657","post_author":"3","post_date":"2019-03-20 14:40:24","post_date_gmt":"2019-03-20 14:40:24","post_content":"","post_title":"Balzar_Beskow_2019-01-24_GBG_Nr4","post_excerpt":"","post_status":"inherit","comment_status":"open","ping_status":"closed","post_password":"","post_name":"balzar_beskow_2019-01-24_gbg_nr4-2","to_ping":"","pinged":"","post_modified":"2022-09-09 14:17:31","post_modified_gmt":"2022-09-09 14:17:31","post_content_filtered":"","post_parent":"486","guid":"http:\/\/ny.balzar.se\/wp-content\/uploads\/2019\/03\/Balzar_Beskow_2019-01-24_GBG_Nr4-1.jpg","menu_order":"0","post_type":"attachment","post_mime_type":"image\/jpeg","comment_count":"0","pod_item_id":"657"}],"furniture_jumbotron_image":false,"release_date":"0000-00-00","furnitures_designer":{"ID":"127","post_author":"3","post_date":"2019-03-19 10:39:28","post_date_gmt":"2019-03-19 10:39:28","post_content":"Sami Kallio \u2013 Inredningsarkitekt och m\u00f6beldesigner fr\u00e5n G\u00f6teborg.\r\nF\u00f6dd i Helsingfors 1975 och en MFA i inredningsarkitektur fr\u00e5n HDK (G\u00f6teborg) &amp; Industriella h\u00f6gskolan (Helsingfors).\r\nSami Kallio Studio designar m\u00f6bler och inredning med fokus p\u00e5 h\u00f6g kvalitet, detaljer och funktion som kr\u00e4ver en god kunskap och erfarenhet inom hantverket och produktutveckling.\u2013 Jag bygger ofta min design p\u00e5 en traditionell och funktionell grund, men f\u00f6rs\u00f6ker \u00e4nd\u00e5 l\u00e4gga till n\u00e5got extra i designen s\u00e5 det blir n\u00e5got nytt.\r\n\r\n<a href=\"http:\/\/www.kallio.nu\/\" target=\"_blank\" rel=\"noopener noreferrer\">www.kallio.nu<\/a>","post_title":"Sami Kallio","post_excerpt":"","post_status":"publish","comment_status":"closed","ping_status":"closed","post_password":"","post_name":"sami-kallio","to_ping":"","pinged":"","post_modified":"2019-03-22 13:03:22","post_modified_gmt":"2019-03-22 13:03:22","post_content_filtered":"","post_parent":"0","guid":"http:\/\/ny.balzar.se\/?post_type=designer&#038;p=127","menu_order":"0","post_type":"designer","post_mime_type":"","comment_count":"0","pod_item_id":"127"},"furniture_materials":[{"ID":"88","post_author":"1","post_date":"2019-03-19 08:58:01","post_date_gmt":"2019-03-19 08:58:01","post_content":"Ett traditionellt skandinaviskt tr\u00e4slag. Vi anv\u00e4nder b\u00e5de massiv bj\u00f6rk och bj\u00f6rkfan\u00e9r i v\u00e5ra m\u00f6bler. Allt tr\u00e4 vi tar in \u00e4r FSC eller PEFC m\u00e4rkt vilket inneb\u00e4r att det \u00e4r lagligt avverkat fr\u00e5n uth\u00e5lligt skogsbruk.","post_title":"Bj\u00f6rk","post_excerpt":"","post_status":"publish","comment_status":"closed","ping_status":"closed","post_password":"","post_name":"birch","to_ping":"","pinged":"","post_modified":"2019-05-24 06:30:54","post_modified_gmt":"2019-05-24 06:30:54","post_content_filtered":"","post_parent":"0","guid":"http:\/\/ny.balzar.se\/?post_type=material&#038;p=88","menu_order":"0","post_type":"material","post_mime_type":"","comment_count":"0","pod_item_id":"88"},{"ID":"87","post_author":"1","post_date":"2019-03-19 08:57:38","post_date_gmt":"2019-03-19 08:57:38","post_content":"Ett vackert ljust tr\u00e4slag med \u00e5dring och karakt\u00e4r. L\u00e4mpar sig v\u00e4l att f\u00e4rga d\u00e5 strukturen syns \u00e4ven n\u00e4r f\u00e4rg t\u00e4cker tr\u00e4et. Vi anv\u00e4nder b\u00e5de massiv ask och askfan\u00e9r. Allt tr\u00e4 vi tar in \u00e4r FSC eller PEFC m\u00e4rkt vilket inneb\u00e4r att det \u00e4r lagligt avverkat fr\u00e5n uth\u00e5lligt skogsbruk.","post_title":"Ask","post_excerpt":"","post_status":"publish","comment_status":"closed","ping_status":"closed","post_password":"","post_name":"ash","to_ping":"","pinged":"","post_modified":"2019-05-24 06:31:17","post_modified_gmt":"2019-05-24 06:31:17","post_content_filtered":"","post_parent":"0","guid":"http:\/\/ny.balzar.se\/?post_type=material&#038;p=87","menu_order":"0","post_type":"material","post_mime_type":"","comment_count":"0","pod_item_id":"87"},{"ID":"91","post_author":"1","post_date":"2019-03-19 09:01:02","post_date_gmt":"2019-03-19 09:01:02","post_content":"","post_title":"Vit","post_excerpt":"","post_status":"publish","comment_status":"closed","ping_status":"closed","post_password":"","post_name":"white","to_ping":"","pinged":"","post_modified":"2023-12-13 08:21:20","post_modified_gmt":"2023-12-13 08:21:20","post_content_filtered":"","post_parent":"0","guid":"http:\/\/ny.balzar.se\/?post_type=material&#038;p=91","menu_order":"0","post_type":"material","post_mime_type":"","comment_count":"0","pod_item_id":"91"},{"ID":"92","post_author":"1","post_date":"2019-03-19 09:01:24","post_date_gmt":"2019-03-19 09:01:24","post_content":"","post_title":"Svart","post_excerpt":"","post_status":"publish","comment_status":"closed","ping_status":"closed","post_password":"","post_name":"black","to_ping":"","pinged":"","post_modified":"2023-12-13 08:20:44","post_modified_gmt":"2023-12-13 08:20:44","post_content_filtered":"","post_parent":"0","guid":"http:\/\/ny.balzar.se\/?post_type=material&#038;p=92","menu_order":"0","post_type":"material","post_mime_type":"","comment_count":"0","pod_item_id":"92"},{"ID":"93","post_author":"1","post_date":"2019-03-19 09:02:31","post_date_gmt":"2019-03-19 09:02:31","post_content":"","post_title":"Valfri f\u00e4rg","post_excerpt":"","post_status":"publish","comment_status":"closed","ping_status":"closed","post_password":"","post_name":"any-color","to_ping":"","pinged":"","post_modified":"2019-04-11 11:14:37","post_modified_gmt":"2019-04-11 11:14:37","post_content_filtered":"","post_parent":"0","guid":"http:\/\/ny.balzar.se\/?post_type=material&#038;p=93","menu_order":"0","post_type":"material","post_mime_type":"","comment_count":"0","pod_item_id":"93"},{"ID":"2168","post_author":"3","post_date":"2019-04-12 09:53:11","post_date_gmt":"2019-04-12 09:53:11","post_content":"","post_title":"Tyg standard eller valfritt","post_excerpt":"","post_status":"publish","comment_status":"closed","ping_status":"closed","post_password":"","post_name":"tyg","to_ping":"","pinged":"","post_modified":"2019-04-12 10:04:40","post_modified_gmt":"2019-04-12 10:04:40","post_content_filtered":"","post_parent":"0","guid":"http:\/\/ny.balzar.se\/?post_type=material&#038;p=2168","menu_order":"0","post_type":"material","post_mime_type":"","comment_count":"0","pod_item_id":"2168"}],"furniture_dimention_image_gallery":[{"ID":"508","post_author":"3","post_date":"2019-03-20 11:37:35","post_date_gmt":"2019-03-20 11:37:35","post_content":"","post_title":"GBG","post_excerpt":"","post_status":"inherit","comment_status":"open","ping_status":"closed","post_password":"","post_name":"gbg-3","to_ping":"","pinged":"","post_modified":"2022-09-09 14:17:31","post_modified_gmt":"2022-09-09 14:17:31","post_content_filtered":"","post_parent":"486","guid":"http:\/\/ny.balzar.se\/wp-content\/uploads\/2019\/03\/GBG-1.jpg","menu_order":"0","post_type":"attachment","post_mime_type":"image\/jpeg","comment_count":"0","pod_item_id":"508"}],"furniture_downloads":[{"ID":"4565","post_author":"3","post_date":"2023-10-24 07:29:16","post_date_gmt":"2023-10-24 07:29:16","post_content":"","post_title":"Produktblad (PDF)","post_excerpt":"","post_status":"inherit","comment_status":"open","ping_status":"closed","post_password":"","post_name":"produktblad_gbg_2023-10-23","to_ping":"","pinged":"","post_modified":"2023-10-24 07:29:27","post_modified_gmt":"2023-10-24 07:29:27","post_content_filtered":"","post_parent":"486","guid":"https:\/\/balzar.se\/wp-content\/uploads\/2019\/03\/Produktblad_GBG_2023-10-23.pdf","menu_order":"0","post_type":"attachment","post_mime_type":"application\/pdf","comment_count":"0","pod_item_id":"4565"},{"ID":"2306","post_author":"3","post_date":"2019-06-11 11:48:25","post_date_gmt":"2019-06-11 11:48:25","post_content":"","post_title":"H\u00f6guppl\u00f6sta bilder (ZIP)","post_excerpt":"","post_status":"inherit","comment_status":"open","ping_status":"closed","post_password":"","post_name":"gbg_zip_2019-06-10","to_ping":"","pinged":"","post_modified":"2022-09-09 14:17:31","post_modified_gmt":"2022-09-09 14:17:31","post_content_filtered":"","post_parent":"486","guid":"https:\/\/balzar.se\/wp-content\/uploads\/2019\/03\/GBG_ZIP_2019-06-10.zip","menu_order":"0","post_type":"attachment","post_mime_type":"application\/zip","comment_count":"0","pod_item_id":"2306"},{"ID":"3144","post_author":"1","post_date":"2020-11-20 11:58:32","post_date_gmt":"2020-11-20 11:58:32","post_content":"","post_title":"AutoCAD 2D (DWG)","post_excerpt":"","post_status":"inherit","comment_status":"open","ping_status":"closed","post_password":"","post_name":"gbg-2d-dwg","to_ping":"","pinged":"","post_modified":"2022-09-09 14:17:31","post_modified_gmt":"2022-09-09 14:17:31","post_content_filtered":"","post_parent":"486","guid":"https:\/\/balzar.se\/wp-content\/uploads\/2019\/03\/GBG-2D-dwg.zip","menu_order":"0","post_type":"attachment","post_mime_type":"application\/zip","comment_count":"0","pod_item_id":"3144"},{"ID":"4067","post_author":"3","post_date":"2022-09-09 14:16:49","post_date_gmt":"2022-09-09 14:16:49","post_content":"","post_title":"AutoCAD 3D (DWG)","post_excerpt":"","post_status":"inherit","comment_status":"open","ping_status":"closed","post_password":"","post_name":"gbg-3d-dwg-2022-09-09-dwg","to_ping":"","pinged":"","post_modified":"2022-09-09 14:17:31","post_modified_gmt":"2022-09-09 14:17:31","post_content_filtered":"","post_parent":"486","guid":"https:\/\/balzar.se\/wp-content\/uploads\/2019\/03\/GBG-3D-DWG-2022-09-09.dwg_.zip","menu_order":"0","post_type":"attachment","post_mime_type":"application\/zip","comment_count":"0","pod_item_id":"4067"}],"furniture_product_description":"","ID":486,"post_title":"GBG","post_content":"GBG \u2013 Stol med rygg i formpressat tr\u00e4 \u00e4r designad av Sami Kallio och d\u00f6pt efter platsen d\u00e4r han lever och verkar.\r\n<p data-start=\"260\" data-end=\"512\">Stolen \u00e4r en karakt\u00e4rsfull stol med formpressad sits och en gener\u00f6s rygg i tr\u00e4, vars inf\u00e4stning ger en behaglig svikt och ett mjukt f\u00f6ljsamt st\u00f6d. Stolen finns b\u00e5de med heltr\u00e4utf\u00f6rande och med stoppad sits f\u00f6r \u00f6kad komfort, med kl\u00e4dsel i tyg eller skinn.<\/p>\r\n<p data-start=\"514\" data-end=\"889\">Den tydliga kryssargen ger stabilitet och ett v\u00e4lbalanserat uttryck, och konstruktionen \u00e4r genomt\u00e4nkt ur alla vinklar \u2014 GBG har inte bara en framsida utan \u00e4r formm\u00e4ssigt sp\u00e4nnande fr\u00e5n varje h\u00e5ll. Underredet tillverkas i massiv bj\u00f6rk eller ask och kan f\u00e5s med lack eller pigmenterad lack. Stolen levereras med filttassar med r\u00f6rnit som standard och \u00e4r M\u00f6belfakta-certifierad.<\/p>","post_excerpt":"","post_author":"3","post_date":"2019-01-08 01:10:02","post_date_gmt":"2019-01-08 00:10:02","post_status":"publish","comment_status":"closed","ping_status":"closed","post_password":"","post_name":"stolar-gbg","to_ping":"","pinged":"","post_modified":"2026-02-10 15:07:41","post_modified_gmt":"2026-02-10 14:07:41","post_content_filtered":"","post_parent":0,"guid":"http:\/\/ny.balzar.se\/?post_type=furniture&#038;p=486","menu_order":0,"post_type":"furniture","post_mime_type":"","comment_count":"0","comments":false,"_thumbnail_id":{"ID":"3249","post_author":"3","post_date":"2021-02-01 10:59:55","post_date_gmt":"2021-02-01 10:59:55","post_content":"","post_title":"Balzar_Beskow_2019-01-24_GBG_Nr10","post_excerpt":"","post_status":"inherit","comment_status":"open","ping_status":"closed","post_password":"","post_name":"balzar_beskow_2019-01-24_gbg_nr10-2","to_ping":"","pinged":"","post_modified":"2021-02-01 10:59:55","post_modified_gmt":"2021-02-01 10:59:55","post_content_filtered":"","post_parent":"486","guid":"https:\/\/balzar.se\/wp-content\/uploads\/2019\/03\/Balzar_Beskow_2019-01-24_GBG_Nr10-1.jpg","menu_order":"0","post_type":"attachment","post_mime_type":"image\/jpeg","comment_count":"0","pod_item_id":"3249"},"furniture_category":[{"term_id":"10","name":"Stolar","slug":"chairs","term_group":"0","term_order":"1","term_taxonomy_id":"10","taxonomy":"furniture_category","description":"","parent":"3","count":"16","object_id":"5078","pod_item_id":"10"}],"id":486},{"furniture_image_gallery":[{"ID":"1645","post_author":"3","post_date":"2019-03-26 10:21:42","post_date_gmt":"2019-03-26 10:21:42","post_content":"","post_title":"Balzar Beskow Building Sofa 2017-02-01 Nr 1","post_excerpt":"","post_status":"inherit","comment_status":"open","ping_status":"closed","post_password":"","post_name":"balzar-beskow-building-sofa-2017-02-01-nr-1","to_ping":"","pinged":"","post_modified":"2021-03-25 12:37:00","post_modified_gmt":"2021-03-25 12:37:00","post_content_filtered":"","post_parent":"1006","guid":"http:\/\/ny.balzar.se\/wp-content\/uploads\/2019\/03\/Balzar-Beskow-Building-Sofa-2017-02-01-Nr-1.jpg","menu_order":"0","post_type":"attachment","post_mime_type":"image\/jpeg","comment_count":"0","pod_item_id":"1645"},{"ID":"1646","post_author":"3","post_date":"2019-03-26 10:21:52","post_date_gmt":"2019-03-26 10:21:52","post_content":"","post_title":"Balzar Beskow Building Sofa 2017-02-01 Nr 2","post_excerpt":"","post_status":"inherit","comment_status":"open","ping_status":"closed","post_password":"","post_name":"balzar-beskow-building-sofa-2017-02-01-nr-2","to_ping":"","pinged":"","post_modified":"2021-03-25 12:37:00","post_modified_gmt":"2021-03-25 12:37:00","post_content_filtered":"","post_parent":"1006","guid":"http:\/\/ny.balzar.se\/wp-content\/uploads\/2019\/03\/Balzar-Beskow-Building-Sofa-2017-02-01-Nr-2.jpg","menu_order":"0","post_type":"attachment","post_mime_type":"image\/jpeg","comment_count":"0","pod_item_id":"1646"},{"ID":"1650","post_author":"3","post_date":"2019-03-26 10:23:00","post_date_gmt":"2019-03-26 10:23:00","post_content":"","post_title":"Balzar Beskow Building Sofa 2019-01-29 Nr 6","post_excerpt":"","post_status":"inherit","comment_status":"open","ping_status":"closed","post_password":"","post_name":"balzar-beskow-building-sofa-2019-01-29-nr-6","to_ping":"","pinged":"","post_modified":"2021-03-25 12:37:00","post_modified_gmt":"2021-03-25 12:37:00","post_content_filtered":"","post_parent":"1006","guid":"http:\/\/ny.balzar.se\/wp-content\/uploads\/2019\/03\/Balzar-Beskow-Building-Sofa-2019-01-29-Nr-6.jpg","menu_order":"0","post_type":"attachment","post_mime_type":"image\/jpeg","comment_count":"0","pod_item_id":"1650"},{"ID":"1651","post_author":"3","post_date":"2019-03-26 10:23:11","post_date_gmt":"2019-03-26 10:23:11","post_content":"","post_title":"Balzar Beskow Building Sofa 2019-01-29 Nr 7","post_excerpt":"","post_status":"inherit","comment_status":"open","ping_status":"closed","post_password":"","post_name":"balzar-beskow-building-sofa-2019-01-29-nr-7","to_ping":"","pinged":"","post_modified":"2021-03-25 12:37:00","post_modified_gmt":"2021-03-25 12:37:00","post_content_filtered":"","post_parent":"1006","guid":"http:\/\/ny.balzar.se\/wp-content\/uploads\/2019\/03\/Balzar-Beskow-Building-Sofa-2019-01-29-Nr-7.jpg","menu_order":"0","post_type":"attachment","post_mime_type":"image\/jpeg","comment_count":"0","pod_item_id":"1651"},{"ID":"1655","post_author":"3","post_date":"2019-03-26 10:25:24","post_date_gmt":"2019-03-26 10:25:24","post_content":"","post_title":"Balzar Beskow Building Sofa 2017-02-01 Nr 3","post_excerpt":"","post_status":"inherit","comment_status":"open","ping_status":"closed","post_password":"","post_name":"balzar-beskow-building-sofa-2017-02-01-nr-3","to_ping":"","pinged":"","post_modified":"2021-03-25 12:37:00","post_modified_gmt":"2021-03-25 12:37:00","post_content_filtered":"","post_parent":"1006","guid":"http:\/\/ny.balzar.se\/wp-content\/uploads\/2019\/03\/Balzar-Beskow-Building-Sofa-2017-02-01-Nr-3.jpg","menu_order":"0","post_type":"attachment","post_mime_type":"image\/jpeg","comment_count":"0","pod_item_id":"1655"},{"ID":"1654","post_author":"3","post_date":"2019-03-26 10:25:06","post_date_gmt":"2019-03-26 10:25:06","post_content":"","post_title":"Balzar Beskow Building Sofa 2017-02-01 Nr 5","post_excerpt":"","post_status":"inherit","comment_status":"open","ping_status":"closed","post_password":"","post_name":"balzar-beskow-building-sofa-2017-02-01-nr-5","to_ping":"","pinged":"","post_modified":"2021-03-25 12:37:00","post_modified_gmt":"2021-03-25 12:37:00","post_content_filtered":"","post_parent":"1006","guid":"http:\/\/ny.balzar.se\/wp-content\/uploads\/2019\/03\/Balzar-Beskow-Building-Sofa-2017-02-01-Nr-5.jpg","menu_order":"0","post_type":"attachment","post_mime_type":"image\/jpeg","comment_count":"0","pod_item_id":"1654"},{"ID":"1653","post_author":"3","post_date":"2019-03-26 10:24:44","post_date_gmt":"2019-03-26 10:24:44","post_content":"","post_title":"Balzar Beskow Building Sofa 2017-02-01 Nr 4","post_excerpt":"","post_status":"inherit","comment_status":"open","ping_status":"closed","post_password":"","post_name":"balzar-beskow-building-sofa-2017-02-01-nr-4","to_ping":"","pinged":"","post_modified":"2021-03-25 12:37:00","post_modified_gmt":"2021-03-25 12:37:00","post_content_filtered":"","post_parent":"1006","guid":"http:\/\/ny.balzar.se\/wp-content\/uploads\/2019\/03\/Balzar-Beskow-Building-Sofa-2017-02-01-Nr-4.jpg","menu_order":"0","post_type":"attachment","post_mime_type":"image\/jpeg","comment_count":"0","pod_item_id":"1653"}],"furniture_jumbotron_image":false,"release_date":"0000-00-00","furnitures_designer":{"ID":"127","post_author":"3","post_date":"2019-03-19 10:39:28","post_date_gmt":"2019-03-19 10:39:28","post_content":"Sami Kallio \u2013 Inredningsarkitekt och m\u00f6beldesigner fr\u00e5n G\u00f6teborg.\r\nF\u00f6dd i Helsingfors 1975 och en MFA i inredningsarkitektur fr\u00e5n HDK (G\u00f6teborg) &amp; Industriella h\u00f6gskolan (Helsingfors).\r\nSami Kallio Studio designar m\u00f6bler och inredning med fokus p\u00e5 h\u00f6g kvalitet, detaljer och funktion som kr\u00e4ver en god kunskap och erfarenhet inom hantverket och produktutveckling.\u2013 Jag bygger ofta min design p\u00e5 en traditionell och funktionell grund, men f\u00f6rs\u00f6ker \u00e4nd\u00e5 l\u00e4gga till n\u00e5got extra i designen s\u00e5 det blir n\u00e5got nytt.\r\n\r\n<a href=\"http:\/\/www.kallio.nu\/\" target=\"_blank\" rel=\"noopener noreferrer\">www.kallio.nu<\/a>","post_title":"Sami Kallio","post_excerpt":"","post_status":"publish","comment_status":"closed","ping_status":"closed","post_password":"","post_name":"sami-kallio","to_ping":"","pinged":"","post_modified":"2019-03-22 13:03:22","post_modified_gmt":"2019-03-22 13:03:22","post_content_filtered":"","post_parent":"0","guid":"http:\/\/ny.balzar.se\/?post_type=designer&#038;p=127","menu_order":"0","post_type":"designer","post_mime_type":"","comment_count":"0","pod_item_id":"127"},"furniture_materials":[{"ID":"93","post_author":"1","post_date":"2019-03-19 09:02:31","post_date_gmt":"2019-03-19 09:02:31","post_content":"","post_title":"Valfri f\u00e4rg","post_excerpt":"","post_status":"publish","comment_status":"closed","ping_status":"closed","post_password":"","post_name":"any-color","to_ping":"","pinged":"","post_modified":"2019-04-11 11:14:37","post_modified_gmt":"2019-04-11 11:14:37","post_content_filtered":"","post_parent":"0","guid":"http:\/\/ny.balzar.se\/?post_type=material&#038;p=93","menu_order":"0","post_type":"material","post_mime_type":"","comment_count":"0","pod_item_id":"93"},{"ID":"101","post_author":"1","post_date":"2019-03-19 09:08:22","post_date_gmt":"2019-03-19 09:08:22","post_content":"","post_title":"Pulverlack vit","post_excerpt":"","post_status":"publish","comment_status":"closed","ping_status":"closed","post_password":"","post_name":"powder-coating-vit","to_ping":"","pinged":"","post_modified":"2023-12-13 08:26:08","post_modified_gmt":"2023-12-13 08:26:08","post_content_filtered":"","post_parent":"0","guid":"http:\/\/ny.balzar.se\/?post_type=material&#038;p=101","menu_order":"0","post_type":"material","post_mime_type":"","comment_count":"0","pod_item_id":"101"},{"ID":"100","post_author":"1","post_date":"2019-03-19 09:07:58","post_date_gmt":"2019-03-19 09:07:58","post_content":"","post_title":"Pulverlack gr\u00e5","post_excerpt":"","post_status":"publish","comment_status":"closed","ping_status":"closed","post_password":"","post_name":"powder-coating-gray","to_ping":"","pinged":"","post_modified":"2023-12-13 08:26:34","post_modified_gmt":"2023-12-13 08:26:34","post_content_filtered":"","post_parent":"0","guid":"http:\/\/ny.balzar.se\/?post_type=material&#038;p=100","menu_order":"0","post_type":"material","post_mime_type":"","comment_count":"0","pod_item_id":"100"},{"ID":"99","post_author":"1","post_date":"2019-03-19 09:07:37","post_date_gmt":"2019-03-19 09:07:37","post_content":"","post_title":"Pulverlack svart","post_excerpt":"","post_status":"publish","comment_status":"closed","ping_status":"closed","post_password":"","post_name":"powder-coating-svart","to_ping":"","pinged":"","post_modified":"2023-12-13 08:25:06","post_modified_gmt":"2023-12-13 08:25:06","post_content_filtered":"","post_parent":"0","guid":"http:\/\/ny.balzar.se\/?post_type=material&#038;p=99","menu_order":"0","post_type":"material","post_mime_type":"","comment_count":"0","pod_item_id":"99"},{"ID":"2168","post_author":"3","post_date":"2019-04-12 09:53:11","post_date_gmt":"2019-04-12 09:53:11","post_content":"","post_title":"Tyg standard eller valfritt","post_excerpt":"","post_status":"publish","comment_status":"closed","ping_status":"closed","post_password":"","post_name":"tyg","to_ping":"","pinged":"","post_modified":"2019-04-12 10:04:40","post_modified_gmt":"2019-04-12 10:04:40","post_content_filtered":"","post_parent":"0","guid":"http:\/\/ny.balzar.se\/?post_type=material&#038;p=2168","menu_order":"0","post_type":"material","post_mime_type":"","comment_count":"0","pod_item_id":"2168"},{"ID":"90","post_author":"1","post_date":"2019-03-19 08:59:01","post_date_gmt":"2019-03-19 08:59:01","post_content":"","post_title":"Krom","post_excerpt":"","post_status":"publish","comment_status":"closed","ping_status":"closed","post_password":"","post_name":"chrome","to_ping":"","pinged":"","post_modified":"2019-04-11 11:12:43","post_modified_gmt":"2019-04-11 11:12:43","post_content_filtered":"","post_parent":"0","guid":"http:\/\/ny.balzar.se\/?post_type=material&#038;p=90","menu_order":"0","post_type":"material","post_mime_type":"","comment_count":"0","pod_item_id":"90"}],"furniture_dimention_image_gallery":[{"ID":"3426","post_author":"3","post_date":"2021-03-25 12:36:52","post_date_gmt":"2021-03-25 12:36:52","post_content":"","post_title":"BUILDING SOFA","post_excerpt":"","post_status":"inherit","comment_status":"open","ping_status":"closed","post_password":"","post_name":"building-sofa_2-2","to_ping":"","pinged":"","post_modified":"2021-03-25 12:37:00","post_modified_gmt":"2021-03-25 12:37:00","post_content_filtered":"","post_parent":"1006","guid":"https:\/\/balzar.se\/wp-content\/uploads\/2019\/03\/BUILDING-SOFA_2-1.jpg","menu_order":"0","post_type":"attachment","post_mime_type":"image\/jpeg","comment_count":"0","pod_item_id":"3426"},{"ID":"3425","post_author":"3","post_date":"2021-03-25 12:36:50","post_date_gmt":"2021-03-25 12:36:50","post_content":"","post_title":"BUILDING SOFA","post_excerpt":"","post_status":"inherit","comment_status":"open","ping_status":"closed","post_password":"","post_name":"building-sofa_1-2","to_ping":"","pinged":"","post_modified":"2021-03-25 12:37:00","post_modified_gmt":"2021-03-25 12:37:00","post_content_filtered":"","post_parent":"1006","guid":"https:\/\/balzar.se\/wp-content\/uploads\/2019\/03\/BUILDING-SOFA_1-1.jpg","menu_order":"0","post_type":"attachment","post_mime_type":"image\/jpeg","comment_count":"0","pod_item_id":"3425"}],"furniture_downloads":[{"ID":"4592","post_author":"3","post_date":"2023-10-24 08:32:31","post_date_gmt":"2023-10-24 08:32:31","post_content":"","post_title":"Produktblad (PDF)","post_excerpt":"","post_status":"inherit","comment_status":"open","ping_status":"closed","post_password":"","post_name":"produktblad_building-_2023-10-23","to_ping":"","pinged":"","post_modified":"2023-10-24 08:32:40","post_modified_gmt":"2023-10-24 08:32:40","post_content_filtered":"","post_parent":"1008","guid":"https:\/\/balzar.se\/wp-content\/uploads\/2019\/03\/Produktblad_Building-_2023-10-23.pdf","menu_order":"0","post_type":"attachment","post_mime_type":"application\/pdf","comment_count":"0","pod_item_id":"4592"},{"ID":"5117","post_author":"1","post_date":"2025-02-22 18:51:41","post_date_gmt":"2025-02-22 17:51:41","post_content":"","post_title":"Monteringsanvisning (PDF)","post_excerpt":"","post_status":"inherit","comment_status":"open","ping_status":"closed","post_password":"","post_name":"monteringsanvisning-building-swe-eng-2015-06-11-1","to_ping":"","pinged":"","post_modified":"2025-02-22 18:52:28","post_modified_gmt":"2025-02-22 17:52:28","post_content_filtered":"","post_parent":"1008","guid":"https:\/\/balzar.se\/wp-content\/uploads\/2025\/02\/Monteringsanvisning-Building-Swe-Eng-2015-06-11-1.pdf","menu_order":"0","post_type":"attachment","post_mime_type":"application\/pdf","comment_count":"0","pod_item_id":"5117"},{"ID":"2362","post_author":"3","post_date":"2019-06-11 12:43:27","post_date_gmt":"2019-06-11 12:43:27","post_content":"","post_title":"H\u00f6guppl\u00f6sta bilder (ZIP)","post_excerpt":"","post_status":"inherit","comment_status":"open","ping_status":"closed","post_password":"","post_name":"building_building-sofa_building-swivel_zip_2019-06-10","to_ping":"","pinged":"","post_modified":"2021-03-25 12:37:00","post_modified_gmt":"2021-03-25 12:37:00","post_content_filtered":"","post_parent":"1008","guid":"https:\/\/balzar.se\/wp-content\/uploads\/2019\/03\/Building_Building-sofa_Building-swivel_ZIP_2019-06-10.zip","menu_order":"0","post_type":"attachment","post_mime_type":"application\/zip","comment_count":"0","pod_item_id":"2362"},{"ID":"3119","post_author":"1","post_date":"2020-11-20 11:33:23","post_date_gmt":"2020-11-20 11:33:23","post_content":"","post_title":"AutoCAD 2D (DWG)","post_excerpt":"","post_status":"inherit","comment_status":"open","ping_status":"closed","post_password":"","post_name":"building-sofa-2","to_ping":"","pinged":"","post_modified":"2021-03-25 12:37:00","post_modified_gmt":"2021-03-25 12:37:00","post_content_filtered":"","post_parent":"1006","guid":"https:\/\/balzar.se\/wp-content\/uploads\/2019\/03\/Building-Sofa.zip","menu_order":"0","post_type":"attachment","post_mime_type":"application\/zip","comment_count":"0","pod_item_id":"3119"},{"ID":"3120","post_author":"1","post_date":"2020-11-20 11:33:25","post_date_gmt":"2020-11-20 11:33:25","post_content":"","post_title":"AutoCAD 3D (DWG)","post_excerpt":"","post_status":"inherit","comment_status":"open","ping_status":"closed","post_password":"","post_name":"sofa-2-och-3-sits-3d-dwg","to_ping":"","pinged":"","post_modified":"2021-03-25 12:37:00","post_modified_gmt":"2021-03-25 12:37:00","post_content_filtered":"","post_parent":"1006","guid":"https:\/\/balzar.se\/wp-content\/uploads\/2019\/03\/Sofa-2-och-3-sits-3D-DWG.zip","menu_order":"0","post_type":"attachment","post_mime_type":"application\/zip","comment_count":"0","pod_item_id":"3120"},{"ID":"3121","post_author":"1","post_date":"2020-11-20 11:33:26","post_date_gmt":"2020-11-20 11:33:26","post_content":"","post_title":"Revit (RFA)","post_excerpt":"","post_status":"inherit","comment_status":"open","ping_status":"closed","post_password":"","post_name":"sofa-2-och-3-sits-rfa","to_ping":"","pinged":"","post_modified":"2021-03-25 12:37:00","post_modified_gmt":"2021-03-25 12:37:00","post_content_filtered":"","post_parent":"1006","guid":"https:\/\/balzar.se\/wp-content\/uploads\/2019\/03\/Sofa-2-och-3-sits-RFA.zip","menu_order":"0","post_type":"attachment","post_mime_type":"application\/zip","comment_count":"0","pod_item_id":"3121"},{"ID":"3281","post_author":"1","post_date":"2021-02-01 14:00:33","post_date_gmt":"2021-02-01 14:00:33","post_content":"","post_title":"ArchiCAD (GSM)","post_excerpt":"","post_status":"inherit","comment_status":"open","ping_status":"closed","post_password":"","post_name":"building-sofa-3","to_ping":"","pinged":"","post_modified":"2021-03-25 12:37:00","post_modified_gmt":"2021-03-25 12:37:00","post_content_filtered":"","post_parent":"1006","guid":"https:\/\/balzar.se\/wp-content\/uploads\/2019\/03\/BUILDING-sofa.zip","menu_order":"0","post_type":"attachment","post_mime_type":"application\/zip","comment_count":"0","pod_item_id":"3281"}],"furniture_product_description":"","ID":1006,"post_title":"Building sofa","post_content":"Building Soffa \u00e4r en vidare utveckling p\u00e5 Sami Kallios akustiska f\u00e5t\u00f6lj med samma namn. Soffan \u00e4r byggbar med delar som l\u00e5ses fast med en toppskruv. Building \u00e4r kl\u00e4dd runt om och d\u00e4mpar ljud b\u00e5de i rummet och f\u00f6r den som sitter i soffan. Den unika konstruktionen med byggbara element med formpressad stomme g\u00f6r att Building har en mjukt rundad rygg. Soffan finns som 2 och 3 sits.","post_excerpt":"","post_author":"3","post_date":"2019-03-22 00:40:33","post_date_gmt":"2019-03-22 00:40:33","post_status":"publish","comment_status":"closed","ping_status":"closed","post_password":"","post_name":"building-sofa","to_ping":"","pinged":"","post_modified":"2025-02-22 18:56:13","post_modified_gmt":"2025-02-22 17:56:13","post_content_filtered":"","post_parent":0,"guid":"http:\/\/ny.balzar.se\/?post_type=furniture&#038;p=1006","menu_order":0,"post_type":"furniture","post_mime_type":"","comment_count":"0","comments":false,"_thumbnail_id":{"ID":"1656","post_author":"3","post_date":"2019-03-26 10:25:36","post_date_gmt":"2019-03-26 10:25:36","post_content":"","post_title":"Balzar Beskow Building Sofa 2017-02-01 Nr 1i","post_excerpt":"","post_status":"inherit","comment_status":"open","ping_status":"closed","post_password":"","post_name":"balzar-beskow-building-sofa-2017-02-01-nr-1i","to_ping":"","pinged":"","post_modified":"2019-03-26 10:25:36","post_modified_gmt":"2019-03-26 10:25:36","post_content_filtered":"","post_parent":"0","guid":"http:\/\/ny.balzar.se\/wp-content\/uploads\/2019\/03\/Balzar-Beskow-Building-Sofa-2017-02-01-Nr-1i.jpg","menu_order":"0","post_type":"attachment","post_mime_type":"image\/jpeg","comment_count":"0","pod_item_id":"1656"},"furniture_category":[{"term_id":"5","name":"Sk\u00e4rmar &amp; ljudabsorbenter","slug":"sound-absorbers","term_group":"0","term_order":"6","term_taxonomy_id":"5","taxonomy":"furniture_category","description":"","parent":"3","count":"4","object_id":"1006","pod_item_id":"5"},{"term_id":"9","name":"Soffor &amp; b\u00e4nkar","slug":"sofas-and-benches","term_group":"0","term_order":"4","term_taxonomy_id":"9","taxonomy":"furniture_category","description":"","parent":"3","count":"21","object_id":"5096","pod_item_id":"9"}],"id":1006},{"furniture_image_gallery":[{"ID":"1661","post_author":"3","post_date":"2019-03-26 10:29:39","post_date_gmt":"2019-03-26 10:29:39","post_content":"","post_title":"Balzar Beskow Building 2016-01-26 Nr 6","post_excerpt":"","post_status":"inherit","comment_status":"open","ping_status":"closed","post_password":"","post_name":"balzar-beskow-building-2016-01-26-nr-6","to_ping":"","pinged":"","post_modified":"2021-03-25 12:33:24","post_modified_gmt":"2021-03-25 12:33:24","post_content_filtered":"","post_parent":"1007","guid":"http:\/\/ny.balzar.se\/wp-content\/uploads\/2019\/03\/Balzar-Beskow-Building-2016-01-26-Nr-6.jpg","menu_order":"0","post_type":"attachment","post_mime_type":"image\/jpeg","comment_count":"0","pod_item_id":"1661"},{"ID":"1662","post_author":"3","post_date":"2019-03-26 10:29:50","post_date_gmt":"2019-03-26 10:29:50","post_content":"","post_title":"Balzar Beskow Building 2016-01-26 Nr 7","post_excerpt":"","post_status":"inherit","comment_status":"open","ping_status":"closed","post_password":"","post_name":"balzar-beskow-building-2016-01-26-nr-7","to_ping":"","pinged":"","post_modified":"2021-03-25 12:33:24","post_modified_gmt":"2021-03-25 12:33:24","post_content_filtered":"","post_parent":"1007","guid":"http:\/\/ny.balzar.se\/wp-content\/uploads\/2019\/03\/Balzar-Beskow-Building-2016-01-26-Nr-7.jpg","menu_order":"0","post_type":"attachment","post_mime_type":"image\/jpeg","comment_count":"0","pod_item_id":"1662"},{"ID":"1663","post_author":"3","post_date":"2019-03-26 10:29:59","post_date_gmt":"2019-03-26 10:29:59","post_content":"","post_title":"Balzar Beskow Building 2016-01-26 Nr 8","post_excerpt":"","post_status":"inherit","comment_status":"open","ping_status":"closed","post_password":"","post_name":"balzar-beskow-building-2016-01-26-nr-8","to_ping":"","pinged":"","post_modified":"2021-03-25 12:33:24","post_modified_gmt":"2021-03-25 12:33:24","post_content_filtered":"","post_parent":"1007","guid":"http:\/\/ny.balzar.se\/wp-content\/uploads\/2019\/03\/Balzar-Beskow-Building-2016-01-26-Nr-8.jpg","menu_order":"0","post_type":"attachment","post_mime_type":"image\/jpeg","comment_count":"0","pod_item_id":"1663"},{"ID":"1665","post_author":"3","post_date":"2019-03-26 10:30:18","post_date_gmt":"2019-03-26 10:30:18","post_content":"","post_title":"Balzar Beskow Building 2016-01-26 Nr 10","post_excerpt":"","post_status":"inherit","comment_status":"open","ping_status":"closed","post_password":"","post_name":"balzar-beskow-building-2016-01-26-nr-10","to_ping":"","pinged":"","post_modified":"2021-03-25 12:33:24","post_modified_gmt":"2021-03-25 12:33:24","post_content_filtered":"","post_parent":"1007","guid":"http:\/\/ny.balzar.se\/wp-content\/uploads\/2019\/03\/Balzar-Beskow-Building-2016-01-26-Nr-10.jpg","menu_order":"0","post_type":"attachment","post_mime_type":"image\/jpeg","comment_count":"0","pod_item_id":"1665"},{"ID":"1664","post_author":"3","post_date":"2019-03-26 10:30:09","post_date_gmt":"2019-03-26 10:30:09","post_content":"","post_title":"Balzar Beskow Building 2016-01-26 Nr 9","post_excerpt":"","post_status":"inherit","comment_status":"open","ping_status":"closed","post_password":"","post_name":"balzar-beskow-building-2016-01-26-nr-9","to_ping":"","pinged":"","post_modified":"2021-03-25 12:33:24","post_modified_gmt":"2021-03-25 12:33:24","post_content_filtered":"","post_parent":"1007","guid":"http:\/\/ny.balzar.se\/wp-content\/uploads\/2019\/03\/Balzar-Beskow-Building-2016-01-26-Nr-9.jpg","menu_order":"0","post_type":"attachment","post_mime_type":"image\/jpeg","comment_count":"0","pod_item_id":"1664"},{"ID":"1657","post_author":"3","post_date":"2019-03-26 10:29:03","post_date_gmt":"2019-03-26 10:29:03","post_content":"","post_title":"Balzar Beskow Building 2016-01-26 Nr 1","post_excerpt":"","post_status":"inherit","comment_status":"open","ping_status":"closed","post_password":"","post_name":"balzar-beskow-building-2016-01-26-nr-1","to_ping":"","pinged":"","post_modified":"2021-03-25 12:33:24","post_modified_gmt":"2021-03-25 12:33:24","post_content_filtered":"","post_parent":"1007","guid":"http:\/\/ny.balzar.se\/wp-content\/uploads\/2019\/03\/Balzar-Beskow-Building-2016-01-26-Nr-1.jpg","menu_order":"0","post_type":"attachment","post_mime_type":"image\/jpeg","comment_count":"0","pod_item_id":"1657"},{"ID":"1658","post_author":"3","post_date":"2019-03-26 10:29:12","post_date_gmt":"2019-03-26 10:29:12","post_content":"","post_title":"Balzar Beskow Building 2016-01-26 Nr 2","post_excerpt":"","post_status":"inherit","comment_status":"open","ping_status":"closed","post_password":"","post_name":"balzar-beskow-building-2016-01-26-nr-2","to_ping":"","pinged":"","post_modified":"2021-03-25 12:33:24","post_modified_gmt":"2021-03-25 12:33:24","post_content_filtered":"","post_parent":"1007","guid":"http:\/\/ny.balzar.se\/wp-content\/uploads\/2019\/03\/Balzar-Beskow-Building-2016-01-26-Nr-2.jpg","menu_order":"0","post_type":"attachment","post_mime_type":"image\/jpeg","comment_count":"0","pod_item_id":"1658"},{"ID":"1659","post_author":"3","post_date":"2019-03-26 10:29:21","post_date_gmt":"2019-03-26 10:29:21","post_content":"","post_title":"Balzar Beskow Building 2016-01-26 Nr 3","post_excerpt":"","post_status":"inherit","comment_status":"open","ping_status":"closed","post_password":"","post_name":"balzar-beskow-building-2016-01-26-nr-3","to_ping":"","pinged":"","post_modified":"2021-03-25 12:33:24","post_modified_gmt":"2021-03-25 12:33:24","post_content_filtered":"","post_parent":"1007","guid":"http:\/\/ny.balzar.se\/wp-content\/uploads\/2019\/03\/Balzar-Beskow-Building-2016-01-26-Nr-3.jpg","menu_order":"0","post_type":"attachment","post_mime_type":"image\/jpeg","comment_count":"0","pod_item_id":"1659"},{"ID":"1660","post_author":"3","post_date":"2019-03-26 10:29:30","post_date_gmt":"2019-03-26 10:29:30","post_content":"","post_title":"Balzar Beskow Building 2016-01-26 Nr 4","post_excerpt":"","post_status":"inherit","comment_status":"open","ping_status":"closed","post_password":"","post_name":"balzar-beskow-building-2016-01-26-nr-4","to_ping":"","pinged":"","post_modified":"2021-03-25 12:33:24","post_modified_gmt":"2021-03-25 12:33:24","post_content_filtered":"","post_parent":"1007","guid":"http:\/\/ny.balzar.se\/wp-content\/uploads\/2019\/03\/Balzar-Beskow-Building-2016-01-26-Nr-4.jpg","menu_order":"0","post_type":"attachment","post_mime_type":"image\/jpeg","comment_count":"0","pod_item_id":"1660"},{"ID":"1666","post_author":"3","post_date":"2019-03-26 10:30:30","post_date_gmt":"2019-03-26 10:30:30","post_content":"","post_title":"Building 1 + Unite 1","post_excerpt":"","post_status":"inherit","comment_status":"open","ping_status":"closed","post_password":"","post_name":"building-1-unite-1-2","to_ping":"","pinged":"","post_modified":"2021-03-25 12:33:24","post_modified_gmt":"2021-03-25 12:33:24","post_content_filtered":"","post_parent":"1007","guid":"http:\/\/ny.balzar.se\/wp-content\/uploads\/2019\/03\/Building-1-Unite-1-1.jpg","menu_order":"0","post_type":"attachment","post_mime_type":"image\/jpeg","comment_count":"0","pod_item_id":"1666"}],"furniture_jumbotron_image":false,"release_date":"0000-00-00","furnitures_designer":{"ID":"127","post_author":"3","post_date":"2019-03-19 10:39:28","post_date_gmt":"2019-03-19 10:39:28","post_content":"Sami Kallio \u2013 Inredningsarkitekt och m\u00f6beldesigner fr\u00e5n G\u00f6teborg.\r\nF\u00f6dd i Helsingfors 1975 och en MFA i inredningsarkitektur fr\u00e5n HDK (G\u00f6teborg) &amp; Industriella h\u00f6gskolan (Helsingfors).\r\nSami Kallio Studio designar m\u00f6bler och inredning med fokus p\u00e5 h\u00f6g kvalitet, detaljer och funktion som kr\u00e4ver en god kunskap och erfarenhet inom hantverket och produktutveckling.\u2013 Jag bygger ofta min design p\u00e5 en traditionell och funktionell grund, men f\u00f6rs\u00f6ker \u00e4nd\u00e5 l\u00e4gga till n\u00e5got extra i designen s\u00e5 det blir n\u00e5got nytt.\r\n\r\n<a href=\"http:\/\/www.kallio.nu\/\" target=\"_blank\" rel=\"noopener noreferrer\">www.kallio.nu<\/a>","post_title":"Sami Kallio","post_excerpt":"","post_status":"publish","comment_status":"closed","ping_status":"closed","post_password":"","post_name":"sami-kallio","to_ping":"","pinged":"","post_modified":"2019-03-22 13:03:22","post_modified_gmt":"2019-03-22 13:03:22","post_content_filtered":"","post_parent":"0","guid":"http:\/\/ny.balzar.se\/?post_type=designer&#038;p=127","menu_order":"0","post_type":"designer","post_mime_type":"","comment_count":"0","pod_item_id":"127"},"furniture_materials":[{"ID":"93","post_author":"1","post_date":"2019-03-19 09:02:31","post_date_gmt":"2019-03-19 09:02:31","post_content":"","post_title":"Valfri f\u00e4rg","post_excerpt":"","post_status":"publish","comment_status":"closed","ping_status":"closed","post_password":"","post_name":"any-color","to_ping":"","pinged":"","post_modified":"2019-04-11 11:14:37","post_modified_gmt":"2019-04-11 11:14:37","post_content_filtered":"","post_parent":"0","guid":"http:\/\/ny.balzar.se\/?post_type=material&#038;p=93","menu_order":"0","post_type":"material","post_mime_type":"","comment_count":"0","pod_item_id":"93"},{"ID":"101","post_author":"1","post_date":"2019-03-19 09:08:22","post_date_gmt":"2019-03-19 09:08:22","post_content":"","post_title":"Pulverlack vit","post_excerpt":"","post_status":"publish","comment_status":"closed","ping_status":"closed","post_password":"","post_name":"powder-coating-vit","to_ping":"","pinged":"","post_modified":"2023-12-13 08:26:08","post_modified_gmt":"2023-12-13 08:26:08","post_content_filtered":"","post_parent":"0","guid":"http:\/\/ny.balzar.se\/?post_type=material&#038;p=101","menu_order":"0","post_type":"material","post_mime_type":"","comment_count":"0","pod_item_id":"101"},{"ID":"100","post_author":"1","post_date":"2019-03-19 09:07:58","post_date_gmt":"2019-03-19 09:07:58","post_content":"","post_title":"Pulverlack gr\u00e5","post_excerpt":"","post_status":"publish","comment_status":"closed","ping_status":"closed","post_password":"","post_name":"powder-coating-gray","to_ping":"","pinged":"","post_modified":"2023-12-13 08:26:34","post_modified_gmt":"2023-12-13 08:26:34","post_content_filtered":"","post_parent":"0","guid":"http:\/\/ny.balzar.se\/?post_type=material&#038;p=100","menu_order":"0","post_type":"material","post_mime_type":"","comment_count":"0","pod_item_id":"100"},{"ID":"99","post_author":"1","post_date":"2019-03-19 09:07:37","post_date_gmt":"2019-03-19 09:07:37","post_content":"","post_title":"Pulverlack svart","post_excerpt":"","post_status":"publish","comment_status":"closed","ping_status":"closed","post_password":"","post_name":"powder-coating-svart","to_ping":"","pinged":"","post_modified":"2023-12-13 08:25:06","post_modified_gmt":"2023-12-13 08:25:06","post_content_filtered":"","post_parent":"0","guid":"http:\/\/ny.balzar.se\/?post_type=material&#038;p=99","menu_order":"0","post_type":"material","post_mime_type":"","comment_count":"0","pod_item_id":"99"},{"ID":"2168","post_author":"3","post_date":"2019-04-12 09:53:11","post_date_gmt":"2019-04-12 09:53:11","post_content":"","post_title":"Tyg standard eller valfritt","post_excerpt":"","post_status":"publish","comment_status":"closed","ping_status":"closed","post_password":"","post_name":"tyg","to_ping":"","pinged":"","post_modified":"2019-04-12 10:04:40","post_modified_gmt":"2019-04-12 10:04:40","post_content_filtered":"","post_parent":"0","guid":"http:\/\/ny.balzar.se\/?post_type=material&#038;p=2168","menu_order":"0","post_type":"material","post_mime_type":"","comment_count":"0","pod_item_id":"2168"},{"ID":"90","post_author":"1","post_date":"2019-03-19 08:59:01","post_date_gmt":"2019-03-19 08:59:01","post_content":"","post_title":"Krom","post_excerpt":"","post_status":"publish","comment_status":"closed","ping_status":"closed","post_password":"","post_name":"chrome","to_ping":"","pinged":"","post_modified":"2019-04-11 11:12:43","post_modified_gmt":"2019-04-11 11:12:43","post_content_filtered":"","post_parent":"0","guid":"http:\/\/ny.balzar.se\/?post_type=material&#038;p=90","menu_order":"0","post_type":"material","post_mime_type":"","comment_count":"0","pod_item_id":"90"}],"furniture_dimention_image_gallery":[{"ID":"5168","post_author":"3","post_date":"2025-03-17 10:04:00","post_date_gmt":"2025-03-17 09:04:00","post_content":"","post_title":"Swivel 1","post_excerpt":"","post_status":"inherit","comment_status":"open","ping_status":"closed","post_password":"","post_name":"swivel-1","to_ping":"","pinged":"","post_modified":"2025-03-17 10:04:51","post_modified_gmt":"2025-03-17 09:04:51","post_content_filtered":"","post_parent":"1007","guid":"https:\/\/balzar.se\/wp-content\/uploads\/2025\/03\/Swivel-1.png","menu_order":"0","post_type":"attachment","post_mime_type":"image\/png","comment_count":"0","pod_item_id":"5168"},{"ID":"5169","post_author":"3","post_date":"2025-03-17 10:04:05","post_date_gmt":"2025-03-17 09:04:05","post_content":"","post_title":"Swivel 2","post_excerpt":"","post_status":"inherit","comment_status":"open","ping_status":"closed","post_password":"","post_name":"swivel-2","to_ping":"","pinged":"","post_modified":"2025-03-17 10:04:51","post_modified_gmt":"2025-03-17 09:04:51","post_content_filtered":"","post_parent":"1007","guid":"https:\/\/balzar.se\/wp-content\/uploads\/2025\/03\/Swivel-2.png","menu_order":"0","post_type":"attachment","post_mime_type":"image\/png","comment_count":"0","pod_item_id":"5169"},{"ID":"5170","post_author":"3","post_date":"2025-03-17 10:04:09","post_date_gmt":"2025-03-17 09:04:09","post_content":"","post_title":"Swivel 3","post_excerpt":"","post_status":"inherit","comment_status":"open","ping_status":"closed","post_password":"","post_name":"swivel-3","to_ping":"","pinged":"","post_modified":"2025-03-17 10:04:51","post_modified_gmt":"2025-03-17 09:04:51","post_content_filtered":"","post_parent":"1007","guid":"https:\/\/balzar.se\/wp-content\/uploads\/2025\/03\/Swivel-3.png","menu_order":"0","post_type":"attachment","post_mime_type":"image\/png","comment_count":"0","pod_item_id":"5170"}],"furniture_downloads":[{"ID":"4592","post_author":"3","post_date":"2023-10-24 08:32:31","post_date_gmt":"2023-10-24 08:32:31","post_content":"","post_title":"Produktblad (PDF)","post_excerpt":"","post_status":"inherit","comment_status":"open","ping_status":"closed","post_password":"","post_name":"produktblad_building-_2023-10-23","to_ping":"","pinged":"","post_modified":"2023-10-24 08:32:40","post_modified_gmt":"2023-10-24 08:32:40","post_content_filtered":"","post_parent":"1008","guid":"https:\/\/balzar.se\/wp-content\/uploads\/2019\/03\/Produktblad_Building-_2023-10-23.pdf","menu_order":"0","post_type":"attachment","post_mime_type":"application\/pdf","comment_count":"0","pod_item_id":"4592"},{"ID":"5117","post_author":"1","post_date":"2025-02-22 18:51:41","post_date_gmt":"2025-02-22 17:51:41","post_content":"","post_title":"Monteringsanvisning (PDF)","post_excerpt":"","post_status":"inherit","comment_status":"open","ping_status":"closed","post_password":"","post_name":"monteringsanvisning-building-swe-eng-2015-06-11-1","to_ping":"","pinged":"","post_modified":"2025-02-22 18:52:28","post_modified_gmt":"2025-02-22 17:52:28","post_content_filtered":"","post_parent":"1008","guid":"https:\/\/balzar.se\/wp-content\/uploads\/2025\/02\/Monteringsanvisning-Building-Swe-Eng-2015-06-11-1.pdf","menu_order":"0","post_type":"attachment","post_mime_type":"application\/pdf","comment_count":"0","pod_item_id":"5117"},{"ID":"2362","post_author":"3","post_date":"2019-06-11 12:43:27","post_date_gmt":"2019-06-11 12:43:27","post_content":"","post_title":"H\u00f6guppl\u00f6sta bilder (ZIP)","post_excerpt":"","post_status":"inherit","comment_status":"open","ping_status":"closed","post_password":"","post_name":"building_building-sofa_building-swivel_zip_2019-06-10","to_ping":"","pinged":"","post_modified":"2021-03-25 12:37:00","post_modified_gmt":"2021-03-25 12:37:00","post_content_filtered":"","post_parent":"1008","guid":"https:\/\/balzar.se\/wp-content\/uploads\/2019\/03\/Building_Building-sofa_Building-swivel_ZIP_2019-06-10.zip","menu_order":"0","post_type":"attachment","post_mime_type":"application\/zip","comment_count":"0","pod_item_id":"2362"},{"ID":"3123","post_author":"1","post_date":"2020-11-20 11:34:55","post_date_gmt":"2020-11-20 11:34:55","post_content":"","post_title":"AutoCAD 2D (DWG)","post_excerpt":"","post_status":"inherit","comment_status":"open","ping_status":"closed","post_password":"","post_name":"building-swivel-2","to_ping":"","pinged":"","post_modified":"2021-03-25 12:33:24","post_modified_gmt":"2021-03-25 12:33:24","post_content_filtered":"","post_parent":"1007","guid":"https:\/\/balzar.se\/wp-content\/uploads\/2019\/03\/Building-Swivel.zip","menu_order":"0","post_type":"attachment","post_mime_type":"application\/zip","comment_count":"0","pod_item_id":"3123"},{"ID":"3124","post_author":"1","post_date":"2020-11-20 11:34:56","post_date_gmt":"2020-11-20 11:34:56","post_content":"","post_title":"AutoCAD 3D (DWG)","post_excerpt":"","post_status":"inherit","comment_status":"open","ping_status":"closed","post_password":"","post_name":"building-swivel-3d-dwg","to_ping":"","pinged":"","post_modified":"2021-03-25 12:33:24","post_modified_gmt":"2021-03-25 12:33:24","post_content_filtered":"","post_parent":"1007","guid":"https:\/\/balzar.se\/wp-content\/uploads\/2019\/03\/Building-Swivel-3D-DWG.zip","menu_order":"0","post_type":"attachment","post_mime_type":"application\/zip","comment_count":"0","pod_item_id":"3124"},{"ID":"3125","post_author":"1","post_date":"2020-11-20 11:34:58","post_date_gmt":"2020-11-20 11:34:58","post_content":"","post_title":"Revit (RFA)","post_excerpt":"","post_status":"inherit","comment_status":"open","ping_status":"closed","post_password":"","post_name":"building-swivel-rfa","to_ping":"","pinged":"","post_modified":"2021-03-25 12:33:24","post_modified_gmt":"2021-03-25 12:33:24","post_content_filtered":"","post_parent":"1007","guid":"https:\/\/balzar.se\/wp-content\/uploads\/2019\/03\/Building-Swivel-RFA.zip","menu_order":"0","post_type":"attachment","post_mime_type":"application\/zip","comment_count":"0","pod_item_id":"3125"},{"ID":"3280","post_author":"1","post_date":"2021-02-01 13:59:18","post_date_gmt":"2021-02-01 13:59:18","post_content":"","post_title":"ArchiCAD (GSM)","post_excerpt":"","post_status":"inherit","comment_status":"open","ping_status":"closed","post_password":"","post_name":"building-swivel-3","to_ping":"","pinged":"","post_modified":"2021-03-25 12:33:24","post_modified_gmt":"2021-03-25 12:33:24","post_content_filtered":"","post_parent":"1007","guid":"https:\/\/balzar.se\/wp-content\/uploads\/2019\/03\/Building-Swivel-1.zip","menu_order":"0","post_type":"attachment","post_mime_type":"application\/zip","comment_count":"0","pod_item_id":"3280"}],"furniture_product_description":"","ID":1007,"post_title":"Building swivel","post_content":"Den akustiska byggbara f\u00e5t\u00f6ljen Building har nu satts i r\u00f6relse genom m\u00f6jigheten till ett snurrstativ.","post_excerpt":"","post_author":"3","post_date":"2019-03-22 00:42:54","post_date_gmt":"2019-03-22 00:42:54","post_status":"publish","comment_status":"closed","ping_status":"closed","post_password":"","post_name":"building-swivel","to_ping":"","pinged":"","post_modified":"2025-03-17 10:04:51","post_modified_gmt":"2025-03-17 09:04:51","post_content_filtered":"","post_parent":0,"guid":"http:\/\/ny.balzar.se\/?post_type=furniture&#038;p=1007","menu_order":0,"post_type":"furniture","post_mime_type":"","comment_count":"0","comments":false,"_thumbnail_id":{"ID":"1667","post_author":"3","post_date":"2019-03-26 10:30:44","post_date_gmt":"2019-03-26 10:30:44","post_content":"","post_title":"Balzar Beskow Building 2016-01-26 Nr 6i","post_excerpt":"","post_status":"inherit","comment_status":"open","ping_status":"closed","post_password":"","post_name":"balzar-beskow-building-2016-01-26-nr-6i","to_ping":"","pinged":"","post_modified":"2019-03-26 10:30:44","post_modified_gmt":"2019-03-26 10:30:44","post_content_filtered":"","post_parent":"0","guid":"http:\/\/ny.balzar.se\/wp-content\/uploads\/2019\/03\/Balzar-Beskow-Building-2016-01-26-Nr-6i.jpg","menu_order":"0","post_type":"attachment","post_mime_type":"image\/jpeg","comment_count":"0","pod_item_id":"1667"},"furniture_category":[{"term_id":"5","name":"Sk\u00e4rmar &amp; ljudabsorbenter","slug":"sound-absorbers","term_group":"0","term_order":"6","term_taxonomy_id":"5","taxonomy":"furniture_category","description":"","parent":"3","count":"4","object_id":"1006","pod_item_id":"5"},{"term_id":"9","name":"Soffor &amp; b\u00e4nkar","slug":"sofas-and-benches","term_group":"0","term_order":"4","term_taxonomy_id":"9","taxonomy":"furniture_category","description":"","parent":"3","count":"21","object_id":"5096","pod_item_id":"9"}],"id":1007},{"furniture_image_gallery":[{"ID":"1677","post_author":"3","post_date":"2019-03-26 10:41:13","post_date_gmt":"2019-03-26 10:41:13","post_content":"","post_title":"Balzar Beskow Hammehead-358","post_excerpt":"","post_status":"inherit","comment_status":"open","ping_status":"closed","post_password":"","post_name":"balzar-beskow-hammehead-358","to_ping":"","pinged":"","post_modified":"2021-03-25 12:32:32","post_modified_gmt":"2021-03-25 12:32:32","post_content_filtered":"","post_parent":"1008","guid":"http:\/\/ny.balzar.se\/wp-content\/uploads\/2019\/03\/Balzar-Beskow-Hammehead-358.jpg","menu_order":"0","post_type":"attachment","post_mime_type":"image\/jpeg","comment_count":"0","pod_item_id":"1677"},{"ID":"1673","post_author":"3","post_date":"2019-03-26 10:38:18","post_date_gmt":"2019-03-26 10:38:18","post_content":"","post_title":"Balzar Beskow Hammehead-374","post_excerpt":"","post_status":"inherit","comment_status":"open","ping_status":"closed","post_password":"","post_name":"balzar-beskow-hammehead-374","to_ping":"","pinged":"","post_modified":"2021-03-25 12:32:32","post_modified_gmt":"2021-03-25 12:32:32","post_content_filtered":"","post_parent":"1008","guid":"http:\/\/ny.balzar.se\/wp-content\/uploads\/2019\/03\/Balzar-Beskow-Hammehead-374.jpg","menu_order":"0","post_type":"attachment","post_mime_type":"image\/jpeg","comment_count":"0","pod_item_id":"1673"},{"ID":"1672","post_author":"3","post_date":"2019-03-26 10:38:07","post_date_gmt":"2019-03-26 10:38:07","post_content":"","post_title":"Balzar Beskow Hammehead-367","post_excerpt":"","post_status":"inherit","comment_status":"open","ping_status":"closed","post_password":"","post_name":"balzar-beskow-hammehead-367","to_ping":"","pinged":"","post_modified":"2021-03-25 12:32:32","post_modified_gmt":"2021-03-25 12:32:32","post_content_filtered":"","post_parent":"1008","guid":"http:\/\/ny.balzar.se\/wp-content\/uploads\/2019\/03\/Balzar-Beskow-Hammehead-367.jpg","menu_order":"0","post_type":"attachment","post_mime_type":"image\/jpeg","comment_count":"0","pod_item_id":"1672"},{"ID":"1668","post_author":"3","post_date":"2019-03-26 10:37:23","post_date_gmt":"2019-03-26 10:37:23","post_content":"","post_title":"Balzar Beskow Building 2016-01-26 Nr 11","post_excerpt":"","post_status":"inherit","comment_status":"open","ping_status":"closed","post_password":"","post_name":"balzar-beskow-building-2016-01-26-nr-11","to_ping":"","pinged":"","post_modified":"2021-03-25 12:32:32","post_modified_gmt":"2021-03-25 12:32:32","post_content_filtered":"","post_parent":"1008","guid":"http:\/\/ny.balzar.se\/wp-content\/uploads\/2019\/03\/Balzar-Beskow-Building-2016-01-26-Nr-11.jpg","menu_order":"0","post_type":"attachment","post_mime_type":"image\/jpeg","comment_count":"0","pod_item_id":"1668"},{"ID":"1669","post_author":"3","post_date":"2019-03-26 10:37:32","post_date_gmt":"2019-03-26 10:37:32","post_content":"","post_title":"Balzar Beskow Building 2016-01-26 Nr 12","post_excerpt":"","post_status":"inherit","comment_status":"open","ping_status":"closed","post_password":"","post_name":"balzar-beskow-building-2016-01-26-nr-12","to_ping":"","pinged":"","post_modified":"2021-03-25 12:32:32","post_modified_gmt":"2021-03-25 12:32:32","post_content_filtered":"","post_parent":"1008","guid":"http:\/\/ny.balzar.se\/wp-content\/uploads\/2019\/03\/Balzar-Beskow-Building-2016-01-26-Nr-12.jpg","menu_order":"0","post_type":"attachment","post_mime_type":"image\/jpeg","comment_count":"0","pod_item_id":"1669"},{"ID":"1670","post_author":"3","post_date":"2019-03-26 10:37:40","post_date_gmt":"2019-03-26 10:37:40","post_content":"","post_title":"Balzar Beskow Building 2016-01-26 Nr 13","post_excerpt":"","post_status":"inherit","comment_status":"open","ping_status":"closed","post_password":"","post_name":"balzar-beskow-building-2016-01-26-nr-13","to_ping":"","pinged":"","post_modified":"2021-03-25 12:32:32","post_modified_gmt":"2021-03-25 12:32:32","post_content_filtered":"","post_parent":"1008","guid":"http:\/\/ny.balzar.se\/wp-content\/uploads\/2019\/03\/Balzar-Beskow-Building-2016-01-26-Nr-13.jpg","menu_order":"0","post_type":"attachment","post_mime_type":"image\/jpeg","comment_count":"0","pod_item_id":"1670"}],"furniture_jumbotron_image":false,"release_date":"0000-00-00","furnitures_designer":{"ID":"127","post_author":"3","post_date":"2019-03-19 10:39:28","post_date_gmt":"2019-03-19 10:39:28","post_content":"Sami Kallio \u2013 Inredningsarkitekt och m\u00f6beldesigner fr\u00e5n G\u00f6teborg.\r\nF\u00f6dd i Helsingfors 1975 och en MFA i inredningsarkitektur fr\u00e5n HDK (G\u00f6teborg) &amp; Industriella h\u00f6gskolan (Helsingfors).\r\nSami Kallio Studio designar m\u00f6bler och inredning med fokus p\u00e5 h\u00f6g kvalitet, detaljer och funktion som kr\u00e4ver en god kunskap och erfarenhet inom hantverket och produktutveckling.\u2013 Jag bygger ofta min design p\u00e5 en traditionell och funktionell grund, men f\u00f6rs\u00f6ker \u00e4nd\u00e5 l\u00e4gga till n\u00e5got extra i designen s\u00e5 det blir n\u00e5got nytt.\r\n\r\n<a href=\"http:\/\/www.kallio.nu\/\" target=\"_blank\" rel=\"noopener noreferrer\">www.kallio.nu<\/a>","post_title":"Sami Kallio","post_excerpt":"","post_status":"publish","comment_status":"closed","ping_status":"closed","post_password":"","post_name":"sami-kallio","to_ping":"","pinged":"","post_modified":"2019-03-22 13:03:22","post_modified_gmt":"2019-03-22 13:03:22","post_content_filtered":"","post_parent":"0","guid":"http:\/\/ny.balzar.se\/?post_type=designer&#038;p=127","menu_order":"0","post_type":"designer","post_mime_type":"","comment_count":"0","pod_item_id":"127"},"furniture_materials":[{"ID":"93","post_author":"1","post_date":"2019-03-19 09:02:31","post_date_gmt":"2019-03-19 09:02:31","post_content":"","post_title":"Valfri f\u00e4rg","post_excerpt":"","post_status":"publish","comment_status":"closed","ping_status":"closed","post_password":"","post_name":"any-color","to_ping":"","pinged":"","post_modified":"2019-04-11 11:14:37","post_modified_gmt":"2019-04-11 11:14:37","post_content_filtered":"","post_parent":"0","guid":"http:\/\/ny.balzar.se\/?post_type=material&#038;p=93","menu_order":"0","post_type":"material","post_mime_type":"","comment_count":"0","pod_item_id":"93"},{"ID":"101","post_author":"1","post_date":"2019-03-19 09:08:22","post_date_gmt":"2019-03-19 09:08:22","post_content":"","post_title":"Pulverlack vit","post_excerpt":"","post_status":"publish","comment_status":"closed","ping_status":"closed","post_password":"","post_name":"powder-coating-vit","to_ping":"","pinged":"","post_modified":"2023-12-13 08:26:08","post_modified_gmt":"2023-12-13 08:26:08","post_content_filtered":"","post_parent":"0","guid":"http:\/\/ny.balzar.se\/?post_type=material&#038;p=101","menu_order":"0","post_type":"material","post_mime_type":"","comment_count":"0","pod_item_id":"101"},{"ID":"100","post_author":"1","post_date":"2019-03-19 09:07:58","post_date_gmt":"2019-03-19 09:07:58","post_content":"","post_title":"Pulverlack gr\u00e5","post_excerpt":"","post_status":"publish","comment_status":"closed","ping_status":"closed","post_password":"","post_name":"powder-coating-gray","to_ping":"","pinged":"","post_modified":"2023-12-13 08:26:34","post_modified_gmt":"2023-12-13 08:26:34","post_content_filtered":"","post_parent":"0","guid":"http:\/\/ny.balzar.se\/?post_type=material&#038;p=100","menu_order":"0","post_type":"material","post_mime_type":"","comment_count":"0","pod_item_id":"100"},{"ID":"99","post_author":"1","post_date":"2019-03-19 09:07:37","post_date_gmt":"2019-03-19 09:07:37","post_content":"","post_title":"Pulverlack svart","post_excerpt":"","post_status":"publish","comment_status":"closed","ping_status":"closed","post_password":"","post_name":"powder-coating-svart","to_ping":"","pinged":"","post_modified":"2023-12-13 08:25:06","post_modified_gmt":"2023-12-13 08:25:06","post_content_filtered":"","post_parent":"0","guid":"http:\/\/ny.balzar.se\/?post_type=material&#038;p=99","menu_order":"0","post_type":"material","post_mime_type":"","comment_count":"0","pod_item_id":"99"},{"ID":"2168","post_author":"3","post_date":"2019-04-12 09:53:11","post_date_gmt":"2019-04-12 09:53:11","post_content":"","post_title":"Tyg standard eller valfritt","post_excerpt":"","post_status":"publish","comment_status":"closed","ping_status":"closed","post_password":"","post_name":"tyg","to_ping":"","pinged":"","post_modified":"2019-04-12 10:04:40","post_modified_gmt":"2019-04-12 10:04:40","post_content_filtered":"","post_parent":"0","guid":"http:\/\/ny.balzar.se\/?post_type=material&#038;p=2168","menu_order":"0","post_type":"material","post_mime_type":"","comment_count":"0","pod_item_id":"2168"},{"ID":"90","post_author":"1","post_date":"2019-03-19 08:59:01","post_date_gmt":"2019-03-19 08:59:01","post_content":"","post_title":"Krom","post_excerpt":"","post_status":"publish","comment_status":"closed","ping_status":"closed","post_password":"","post_name":"chrome","to_ping":"","pinged":"","post_modified":"2019-04-11 11:12:43","post_modified_gmt":"2019-04-11 11:12:43","post_content_filtered":"","post_parent":"0","guid":"http:\/\/ny.balzar.se\/?post_type=material&#038;p=90","menu_order":"0","post_type":"material","post_mime_type":"","comment_count":"0","pod_item_id":"90"}],"furniture_dimention_image_gallery":[{"ID":"3420","post_author":"3","post_date":"2021-03-25 12:27:14","post_date_gmt":"2021-03-25 12:27:14","post_content":"","post_title":"BUILDING","post_excerpt":"","post_status":"inherit","comment_status":"open","ping_status":"closed","post_password":"","post_name":"building_5","to_ping":"","pinged":"","post_modified":"2021-03-25 12:32:32","post_modified_gmt":"2021-03-25 12:32:32","post_content_filtered":"","post_parent":"1008","guid":"https:\/\/balzar.se\/wp-content\/uploads\/2019\/03\/BUILDING_5.jpg","menu_order":"0","post_type":"attachment","post_mime_type":"image\/jpeg","comment_count":"0","pod_item_id":"3420"},{"ID":"3421","post_author":"3","post_date":"2021-03-25 12:32:12","post_date_gmt":"2021-03-25 12:32:12","post_content":"","post_title":"BUILDING","post_excerpt":"","post_status":"inherit","comment_status":"open","ping_status":"closed","post_password":"","post_name":"building_2-4","to_ping":"","pinged":"","post_modified":"2021-03-25 12:32:32","post_modified_gmt":"2021-03-25 12:32:32","post_content_filtered":"","post_parent":"1008","guid":"https:\/\/balzar.se\/wp-content\/uploads\/2019\/03\/BUILDING_2-2.jpg","menu_order":"0","post_type":"attachment","post_mime_type":"image\/jpeg","comment_count":"0","pod_item_id":"3421"},{"ID":"3418","post_author":"3","post_date":"2021-03-25 12:27:12","post_date_gmt":"2021-03-25 12:27:12","post_content":"","post_title":"BUILDING","post_excerpt":"","post_status":"inherit","comment_status":"open","ping_status":"closed","post_password":"","post_name":"building_3-2","to_ping":"","pinged":"","post_modified":"2021-03-25 12:32:32","post_modified_gmt":"2021-03-25 12:32:32","post_content_filtered":"","post_parent":"1008","guid":"https:\/\/balzar.se\/wp-content\/uploads\/2019\/03\/BUILDING_3-1.jpg","menu_order":"0","post_type":"attachment","post_mime_type":"image\/jpeg","comment_count":"0","pod_item_id":"3418"},{"ID":"3419","post_author":"3","post_date":"2021-03-25 12:27:13","post_date_gmt":"2021-03-25 12:27:13","post_content":"","post_title":"BUILDING","post_excerpt":"","post_status":"inherit","comment_status":"open","ping_status":"closed","post_password":"","post_name":"building_4-2","to_ping":"","pinged":"","post_modified":"2021-03-25 12:32:32","post_modified_gmt":"2021-03-25 12:32:32","post_content_filtered":"","post_parent":"1008","guid":"https:\/\/balzar.se\/wp-content\/uploads\/2019\/03\/BUILDING_4-1.jpg","menu_order":"0","post_type":"attachment","post_mime_type":"image\/jpeg","comment_count":"0","pod_item_id":"3419"}],"furniture_downloads":[{"ID":"4592","post_author":"3","post_date":"2023-10-24 08:32:31","post_date_gmt":"2023-10-24 08:32:31","post_content":"","post_title":"Produktblad (PDF)","post_excerpt":"","post_status":"inherit","comment_status":"open","ping_status":"closed","post_password":"","post_name":"produktblad_building-_2023-10-23","to_ping":"","pinged":"","post_modified":"2023-10-24 08:32:40","post_modified_gmt":"2023-10-24 08:32:40","post_content_filtered":"","post_parent":"1008","guid":"https:\/\/balzar.se\/wp-content\/uploads\/2019\/03\/Produktblad_Building-_2023-10-23.pdf","menu_order":"0","post_type":"attachment","post_mime_type":"application\/pdf","comment_count":"0","pod_item_id":"4592"},{"ID":"5117","post_author":"1","post_date":"2025-02-22 18:51:41","post_date_gmt":"2025-02-22 17:51:41","post_content":"","post_title":"Monteringsanvisning (PDF)","post_excerpt":"","post_status":"inherit","comment_status":"open","ping_status":"closed","post_password":"","post_name":"monteringsanvisning-building-swe-eng-2015-06-11-1","to_ping":"","pinged":"","post_modified":"2025-02-22 18:52:28","post_modified_gmt":"2025-02-22 17:52:28","post_content_filtered":"","post_parent":"1008","guid":"https:\/\/balzar.se\/wp-content\/uploads\/2025\/02\/Monteringsanvisning-Building-Swe-Eng-2015-06-11-1.pdf","menu_order":"0","post_type":"attachment","post_mime_type":"application\/pdf","comment_count":"0","pod_item_id":"5117"},{"ID":"2362","post_author":"3","post_date":"2019-06-11 12:43:27","post_date_gmt":"2019-06-11 12:43:27","post_content":"","post_title":"H\u00f6guppl\u00f6sta bilder (ZIP)","post_excerpt":"","post_status":"inherit","comment_status":"open","ping_status":"closed","post_password":"","post_name":"building_building-sofa_building-swivel_zip_2019-06-10","to_ping":"","pinged":"","post_modified":"2021-03-25 12:37:00","post_modified_gmt":"2021-03-25 12:37:00","post_content_filtered":"","post_parent":"1008","guid":"https:\/\/balzar.se\/wp-content\/uploads\/2019\/03\/Building_Building-sofa_Building-swivel_ZIP_2019-06-10.zip","menu_order":"0","post_type":"attachment","post_mime_type":"application\/zip","comment_count":"0","pod_item_id":"2362"},{"ID":"3117","post_author":"1","post_date":"2020-11-20 11:31:00","post_date_gmt":"2020-11-20 11:31:00","post_content":"","post_title":"AutoCAD 2D (DWG)","post_excerpt":"","post_status":"inherit","comment_status":"open","ping_status":"closed","post_password":"","post_name":"building-ben","to_ping":"","pinged":"","post_modified":"2021-03-25 12:32:32","post_modified_gmt":"2021-03-25 12:32:32","post_content_filtered":"","post_parent":"1008","guid":"https:\/\/balzar.se\/wp-content\/uploads\/2019\/03\/Building-Ben.zip","menu_order":"0","post_type":"attachment","post_mime_type":"application\/zip","comment_count":"0","pod_item_id":"3117"},{"ID":"3114","post_author":"1","post_date":"2020-11-20 11:30:57","post_date_gmt":"2020-11-20 11:30:57","post_content":"","post_title":"AutoCAD 3D (DWG)","post_excerpt":"","post_status":"inherit","comment_status":"open","ping_status":"closed","post_password":"","post_name":"building-ben-3d-dwg","to_ping":"","pinged":"","post_modified":"2021-03-25 12:32:32","post_modified_gmt":"2021-03-25 12:32:32","post_content_filtered":"","post_parent":"1008","guid":"https:\/\/balzar.se\/wp-content\/uploads\/2019\/03\/Building-Ben-3D-DWG.zip","menu_order":"0","post_type":"attachment","post_mime_type":"application\/zip","comment_count":"0","pod_item_id":"3114"},{"ID":"3115","post_author":"1","post_date":"2020-11-20 11:30:58","post_date_gmt":"2020-11-20 11:30:58","post_content":"","post_title":"Revit (RFA)","post_excerpt":"","post_status":"inherit","comment_status":"open","ping_status":"closed","post_password":"","post_name":"building-ben-rfa","to_ping":"","pinged":"","post_modified":"2021-03-25 12:32:32","post_modified_gmt":"2021-03-25 12:32:32","post_content_filtered":"","post_parent":"1008","guid":"https:\/\/balzar.se\/wp-content\/uploads\/2019\/03\/Building-Ben-RFA.zip","menu_order":"0","post_type":"attachment","post_mime_type":"application\/zip","comment_count":"0","pod_item_id":"3115"},{"ID":"3278","post_author":"1","post_date":"2021-02-01 13:58:19","post_date_gmt":"2021-02-01 13:58:19","post_content":"","post_title":"ArchiCAD (GSM)","post_excerpt":"","post_status":"inherit","comment_status":"open","ping_status":"closed","post_password":"","post_name":"building-ben-2","to_ping":"","pinged":"","post_modified":"2021-03-25 12:32:32","post_modified_gmt":"2021-03-25 12:32:32","post_content_filtered":"","post_parent":"1008","guid":"https:\/\/balzar.se\/wp-content\/uploads\/2019\/03\/Building-Ben-1.zip","menu_order":"0","post_type":"attachment","post_mime_type":"application\/zip","comment_count":"0","pod_item_id":"3278"}],"furniture_product_description":"","ID":1008,"post_title":"Building","post_content":"Building \u00e4r\u00a0en\u00a0ny serie av akustiska f\u00e5t\u00f6ljer designade av Sami Kallio. F\u00e5t\u00f6ljen \u00e4r byggbar med delar som l\u00e5ses fast med en toppskruv. Building \u00e4r kl\u00e4dd runt om d\u00e4mpar ljud b\u00e5de i rummet den st\u00e5r samt f\u00f6r den som sitter i f\u00e5t\u00f6ljen. Den unika konstruktionen med byggbara element med formpressad stomme g\u00f6r att Building har en mjukt rundad rygg.","post_excerpt":"","post_author":"3","post_date":"2019-03-22 00:45:22","post_date_gmt":"2019-03-22 00:45:22","post_status":"publish","comment_status":"closed","ping_status":"closed","post_password":"","post_name":"buildning","to_ping":"","pinged":"","post_modified":"2025-02-22 18:52:32","post_modified_gmt":"2025-02-22 17:52:32","post_content_filtered":"","post_parent":0,"guid":"http:\/\/ny.balzar.se\/?post_type=furniture&#038;p=1008","menu_order":0,"post_type":"furniture","post_mime_type":"","comment_count":"0","comments":false,"_thumbnail_id":{"ID":"1678","post_author":"3","post_date":"2019-03-26 10:42:59","post_date_gmt":"2019-03-26 10:42:59","post_content":"","post_title":"Balzar Beskow Hammehead-367i","post_excerpt":"","post_status":"inherit","comment_status":"open","ping_status":"closed","post_password":"","post_name":"balzar-beskow-hammehead-367i","to_ping":"","pinged":"","post_modified":"2019-03-26 10:42:59","post_modified_gmt":"2019-03-26 10:42:59","post_content_filtered":"","post_parent":"0","guid":"http:\/\/ny.balzar.se\/wp-content\/uploads\/2019\/03\/Balzar-Beskow-Hammehead-367i.jpg","menu_order":"0","post_type":"attachment","post_mime_type":"image\/jpeg","comment_count":"0","pod_item_id":"1678"},"furniture_category":[{"term_id":"5","name":"Sk\u00e4rmar &amp; ljudabsorbenter","slug":"sound-absorbers","term_group":"0","term_order":"6","term_taxonomy_id":"5","taxonomy":"furniture_category","description":"","parent":"3","count":"4","object_id":"1006","pod_item_id":"5"},{"term_id":"9","name":"Soffor &amp; b\u00e4nkar","slug":"sofas-and-benches","term_group":"0","term_order":"4","term_taxonomy_id":"9","taxonomy":"furniture_category","description":"","parent":"3","count":"21","object_id":"5096","pod_item_id":"9"}],"id":1008},{"furniture_image_gallery":[{"ID":"3970","post_author":"3","post_date":"2022-06-10 11:12:08","post_date_gmt":"2022-06-10 11:12:08","post_content":"","post_title":"Balzar Beskow 2022-06-01 Block Wood 6.1","post_excerpt":"","post_status":"inherit","comment_status":"open","ping_status":"closed","post_password":"","post_name":"balzar-beskow-2022-06-01-block-wood-6-1","to_ping":"","pinged":"","post_modified":"2025-11-05 16:04:02","post_modified_gmt":"2025-11-05 15:04:02","post_content_filtered":"","post_parent":"3837","guid":"https:\/\/balzar.se\/wp-content\/uploads\/2022\/06\/Balzar-Beskow-2022-06-01-Block-Wood-6.1.jpg","menu_order":"0","post_type":"attachment","post_mime_type":"image\/jpeg","comment_count":"0","pod_item_id":"3970"},{"ID":"3974","post_author":"3","post_date":"2022-06-10 11:12:54","post_date_gmt":"2022-06-10 11:12:54","post_content":"","post_title":"Balzar Beskow 2022-06-01 Block Wood 11.1","post_excerpt":"","post_status":"inherit","comment_status":"open","ping_status":"closed","post_password":"","post_name":"balzar-beskow-2022-06-01-block-wood-11-1","to_ping":"","pinged":"","post_modified":"2025-11-05 16:03:55","post_modified_gmt":"2025-11-05 15:03:55","post_content_filtered":"","post_parent":"3837","guid":"https:\/\/balzar.se\/wp-content\/uploads\/2022\/06\/Balzar-Beskow-2022-06-01-Block-Wood-11.1.jpg","menu_order":"0","post_type":"attachment","post_mime_type":"image\/jpeg","comment_count":"0","pod_item_id":"3974"},{"ID":"3971","post_author":"3","post_date":"2022-06-10 11:12:19","post_date_gmt":"2022-06-10 11:12:19","post_content":"","post_title":"Balzar Beskow 2022-06-01 Block Wood 7.1","post_excerpt":"","post_status":"inherit","comment_status":"open","ping_status":"closed","post_password":"","post_name":"balzar-beskow-2022-06-01-block-wood-7-1","to_ping":"","pinged":"","post_modified":"2025-11-05 16:04:01","post_modified_gmt":"2025-11-05 15:04:01","post_content_filtered":"","post_parent":"3837","guid":"https:\/\/balzar.se\/wp-content\/uploads\/2022\/06\/Balzar-Beskow-2022-06-01-Block-Wood-7.1.jpg","menu_order":"0","post_type":"attachment","post_mime_type":"image\/jpeg","comment_count":"0","pod_item_id":"3971"},{"ID":"3969","post_author":"3","post_date":"2022-06-10 11:11:53","post_date_gmt":"2022-06-10 11:11:53","post_content":"","post_title":"Balzar Beskow 2022-06-01 Block Wood 5.1","post_excerpt":"","post_status":"inherit","comment_status":"open","ping_status":"closed","post_password":"","post_name":"balzar-beskow-2022-06-01-block-wood-5-1","to_ping":"","pinged":"","post_modified":"2025-11-05 16:04:04","post_modified_gmt":"2025-11-05 15:04:04","post_content_filtered":"","post_parent":"3837","guid":"https:\/\/balzar.se\/wp-content\/uploads\/2022\/06\/Balzar-Beskow-2022-06-01-Block-Wood-5.1.jpg","menu_order":"0","post_type":"attachment","post_mime_type":"image\/jpeg","comment_count":"0","pod_item_id":"3969"},{"ID":"3973","post_author":"3","post_date":"2022-06-10 11:12:42","post_date_gmt":"2022-06-10 11:12:42","post_content":"","post_title":"Balzar Beskow 2022-06-01 Block Wood 10.1","post_excerpt":"","post_status":"inherit","comment_status":"open","ping_status":"closed","post_password":"","post_name":"balzar-beskow-2022-06-01-block-wood-10-1","to_ping":"","pinged":"","post_modified":"2025-11-05 16:03:57","post_modified_gmt":"2025-11-05 15:03:57","post_content_filtered":"","post_parent":"3837","guid":"https:\/\/balzar.se\/wp-content\/uploads\/2022\/06\/Balzar-Beskow-2022-06-01-Block-Wood-10.1.jpg","menu_order":"0","post_type":"attachment","post_mime_type":"image\/jpeg","comment_count":"0","pod_item_id":"3973"},{"ID":"3972","post_author":"3","post_date":"2022-06-10 11:12:31","post_date_gmt":"2022-06-10 11:12:31","post_content":"","post_title":"Balzar Beskow 2022-06-01 Block Wood 9.1","post_excerpt":"","post_status":"inherit","comment_status":"open","ping_status":"closed","post_password":"","post_name":"balzar-beskow-2022-06-01-block-wood-9-1","to_ping":"","pinged":"","post_modified":"2025-11-05 16:03:59","post_modified_gmt":"2025-11-05 15:03:59","post_content_filtered":"","post_parent":"3837","guid":"https:\/\/balzar.se\/wp-content\/uploads\/2022\/06\/Balzar-Beskow-2022-06-01-Block-Wood-9.1.jpg","menu_order":"0","post_type":"attachment","post_mime_type":"image\/jpeg","comment_count":"0","pod_item_id":"3972"},{"ID":"3977","post_author":"3","post_date":"2022-06-10 11:13:55","post_date_gmt":"2022-06-10 11:13:55","post_content":"","post_title":"Balzar Beskow 2022-06-01 Block Wood 3.1","post_excerpt":"","post_status":"inherit","comment_status":"open","ping_status":"closed","post_password":"","post_name":"balzar-beskow-2022-06-01-block-wood-3-1","to_ping":"","pinged":"","post_modified":"2025-11-05 16:03:50","post_modified_gmt":"2025-11-05 15:03:50","post_content_filtered":"","post_parent":"3837","guid":"https:\/\/balzar.se\/wp-content\/uploads\/2022\/06\/Balzar-Beskow-2022-06-01-Block-Wood-3.1.jpg","menu_order":"0","post_type":"attachment","post_mime_type":"image\/jpeg","comment_count":"0","pod_item_id":"3977"},{"ID":"3976","post_author":"3","post_date":"2022-06-10 11:13:32","post_date_gmt":"2022-06-10 11:13:32","post_content":"","post_title":"Balzar Beskow 2022-06-01 Block Wood 28.1","post_excerpt":"","post_status":"inherit","comment_status":"open","ping_status":"closed","post_password":"","post_name":"balzar-beskow-2022-06-01-block-wood-28-1","to_ping":"","pinged":"","post_modified":"2025-11-05 16:03:52","post_modified_gmt":"2025-11-05 15:03:52","post_content_filtered":"","post_parent":"3837","guid":"https:\/\/balzar.se\/wp-content\/uploads\/2022\/06\/Balzar-Beskow-2022-06-01-Block-Wood-28.1.jpg","menu_order":"0","post_type":"attachment","post_mime_type":"image\/jpeg","comment_count":"0","pod_item_id":"3976"},{"ID":"3975","post_author":"3","post_date":"2022-06-10 11:13:08","post_date_gmt":"2022-06-10 11:13:08","post_content":"","post_title":"Balzar Beskow 2022-06-01 Block Wood 27.1","post_excerpt":"","post_status":"inherit","comment_status":"open","ping_status":"closed","post_password":"","post_name":"balzar-beskow-2022-06-01-block-wood-27-1","to_ping":"","pinged":"","post_modified":"2025-11-05 16:03:53","post_modified_gmt":"2025-11-05 15:03:53","post_content_filtered":"","post_parent":"3837","guid":"https:\/\/balzar.se\/wp-content\/uploads\/2022\/06\/Balzar-Beskow-2022-06-01-Block-Wood-27.1.jpg","menu_order":"0","post_type":"attachment","post_mime_type":"image\/jpeg","comment_count":"0","pod_item_id":"3975"}],"furniture_jumbotron_image":false,"release_date":"2022-10-11","furnitures_designer":{"ID":"127","post_author":"3","post_date":"2019-03-19 10:39:28","post_date_gmt":"2019-03-19 10:39:28","post_content":"Sami Kallio \u2013 Inredningsarkitekt och m\u00f6beldesigner fr\u00e5n G\u00f6teborg.\r\nF\u00f6dd i Helsingfors 1975 och en MFA i inredningsarkitektur fr\u00e5n HDK (G\u00f6teborg) &amp; Industriella h\u00f6gskolan (Helsingfors).\r\nSami Kallio Studio designar m\u00f6bler och inredning med fokus p\u00e5 h\u00f6g kvalitet, detaljer och funktion som kr\u00e4ver en god kunskap och erfarenhet inom hantverket och produktutveckling.\u2013 Jag bygger ofta min design p\u00e5 en traditionell och funktionell grund, men f\u00f6rs\u00f6ker \u00e4nd\u00e5 l\u00e4gga till n\u00e5got extra i designen s\u00e5 det blir n\u00e5got nytt.\r\n\r\n<a href=\"http:\/\/www.kallio.nu\/\" target=\"_blank\" rel=\"noopener noreferrer\">www.kallio.nu<\/a>","post_title":"Sami Kallio","post_excerpt":"","post_status":"publish","comment_status":"closed","ping_status":"closed","post_password":"","post_name":"sami-kallio","to_ping":"","pinged":"","post_modified":"2019-03-22 13:03:22","post_modified_gmt":"2019-03-22 13:03:22","post_content_filtered":"","post_parent":"0","guid":"http:\/\/ny.balzar.se\/?post_type=designer&#038;p=127","menu_order":"0","post_type":"designer","post_mime_type":"","comment_count":"0","pod_item_id":"127"},"furniture_materials":[{"ID":"87","post_author":"1","post_date":"2019-03-19 08:57:38","post_date_gmt":"2019-03-19 08:57:38","post_content":"Ett vackert ljust tr\u00e4slag med \u00e5dring och karakt\u00e4r. L\u00e4mpar sig v\u00e4l att f\u00e4rga d\u00e5 strukturen syns \u00e4ven n\u00e4r f\u00e4rg t\u00e4cker tr\u00e4et. Vi anv\u00e4nder b\u00e5de massiv ask och askfan\u00e9r. Allt tr\u00e4 vi tar in \u00e4r FSC eller PEFC m\u00e4rkt vilket inneb\u00e4r att det \u00e4r lagligt avverkat fr\u00e5n uth\u00e5lligt skogsbruk.","post_title":"Ask","post_excerpt":"","post_status":"publish","comment_status":"closed","ping_status":"closed","post_password":"","post_name":"ash","to_ping":"","pinged":"","post_modified":"2019-05-24 06:31:17","post_modified_gmt":"2019-05-24 06:31:17","post_content_filtered":"","post_parent":"0","guid":"http:\/\/ny.balzar.se\/?post_type=material&#038;p=87","menu_order":"0","post_type":"material","post_mime_type":"","comment_count":"0","pod_item_id":"87"},{"ID":"88","post_author":"1","post_date":"2019-03-19 08:58:01","post_date_gmt":"2019-03-19 08:58:01","post_content":"Ett traditionellt skandinaviskt tr\u00e4slag. Vi anv\u00e4nder b\u00e5de massiv bj\u00f6rk och bj\u00f6rkfan\u00e9r i v\u00e5ra m\u00f6bler. Allt tr\u00e4 vi tar in \u00e4r FSC eller PEFC m\u00e4rkt vilket inneb\u00e4r att det \u00e4r lagligt avverkat fr\u00e5n uth\u00e5lligt skogsbruk.","post_title":"Bj\u00f6rk","post_excerpt":"","post_status":"publish","comment_status":"closed","ping_status":"closed","post_password":"","post_name":"birch","to_ping":"","pinged":"","post_modified":"2019-05-24 06:30:54","post_modified_gmt":"2019-05-24 06:30:54","post_content_filtered":"","post_parent":"0","guid":"http:\/\/ny.balzar.se\/?post_type=material&#038;p=88","menu_order":"0","post_type":"material","post_mime_type":"","comment_count":"0","pod_item_id":"88"},{"ID":"91","post_author":"1","post_date":"2019-03-19 09:01:02","post_date_gmt":"2019-03-19 09:01:02","post_content":"","post_title":"Vit","post_excerpt":"","post_status":"publish","comment_status":"closed","ping_status":"closed","post_password":"","post_name":"white","to_ping":"","pinged":"","post_modified":"2023-12-13 08:21:20","post_modified_gmt":"2023-12-13 08:21:20","post_content_filtered":"","post_parent":"0","guid":"http:\/\/ny.balzar.se\/?post_type=material&#038;p=91","menu_order":"0","post_type":"material","post_mime_type":"","comment_count":"0","pod_item_id":"91"},{"ID":"92","post_author":"1","post_date":"2019-03-19 09:01:24","post_date_gmt":"2019-03-19 09:01:24","post_content":"","post_title":"Svart","post_excerpt":"","post_status":"publish","comment_status":"closed","ping_status":"closed","post_password":"","post_name":"black","to_ping":"","pinged":"","post_modified":"2023-12-13 08:20:44","post_modified_gmt":"2023-12-13 08:20:44","post_content_filtered":"","post_parent":"0","guid":"http:\/\/ny.balzar.se\/?post_type=material&#038;p=92","menu_order":"0","post_type":"material","post_mime_type":"","comment_count":"0","pod_item_id":"92"},{"ID":"93","post_author":"1","post_date":"2019-03-19 09:02:31","post_date_gmt":"2019-03-19 09:02:31","post_content":"","post_title":"Valfri f\u00e4rg","post_excerpt":"","post_status":"publish","comment_status":"closed","ping_status":"closed","post_password":"","post_name":"any-color","to_ping":"","pinged":"","post_modified":"2019-04-11 11:14:37","post_modified_gmt":"2019-04-11 11:14:37","post_content_filtered":"","post_parent":"0","guid":"http:\/\/ny.balzar.se\/?post_type=material&#038;p=93","menu_order":"0","post_type":"material","post_mime_type":"","comment_count":"0","pod_item_id":"93"}],"furniture_dimention_image_gallery":[{"ID":"4411","post_author":"3","post_date":"2023-05-24 10:09:48","post_date_gmt":"2023-05-24 10:09:48","post_content":"","post_title":"Block Wood","post_excerpt":"","post_status":"inherit","comment_status":"open","ping_status":"closed","post_password":"","post_name":"block-wood-3","to_ping":"","pinged":"","post_modified":"2023-05-31 07:17:38","post_modified_gmt":"2023-05-31 07:17:38","post_content_filtered":"","post_parent":"3837","guid":"https:\/\/balzar.se\/wp-content\/uploads\/2023\/05\/Block-Wood.png","menu_order":"0","post_type":"attachment","post_mime_type":"image\/png","comment_count":"0","pod_item_id":"4411"}],"furniture_downloads":[{"ID":"4564","post_author":"3","post_date":"2023-10-24 07:27:36","post_date_gmt":"2023-10-24 07:27:36","post_content":"","post_title":"Produktblad (PDF)","post_excerpt":"","post_status":"inherit","comment_status":"open","ping_status":"closed","post_password":"","post_name":"produktblad_block_wood_2023-10-23","to_ping":"","pinged":"","post_modified":"2023-10-24 07:27:47","post_modified_gmt":"2023-10-24 07:27:47","post_content_filtered":"","post_parent":"3837","guid":"https:\/\/balzar.se\/wp-content\/uploads\/2023\/05\/Produktblad_Block_Wood_2023-10-23.pdf","menu_order":"0","post_type":"attachment","post_mime_type":"application\/pdf","comment_count":"0","pod_item_id":"4564"},{"ID":"4392","post_author":"3","post_date":"2023-04-06 07:22:13","post_date_gmt":"2023-04-06 07:22:13","post_content":"","post_title":"H\u00f6guppl\u00f6sta bilder (ZIP)","post_excerpt":"","post_status":"inherit","comment_status":"open","ping_status":"closed","post_password":"","post_name":"block_wood_zip_2023-04-06","to_ping":"","pinged":"","post_modified":"2023-05-31 07:17:38","post_modified_gmt":"2023-05-31 07:17:38","post_content_filtered":"","post_parent":"3837","guid":"https:\/\/balzar.se\/wp-content\/uploads\/2023\/04\/Block_Wood_ZIP_2023-04-06.zip","menu_order":"0","post_type":"attachment","post_mime_type":"application\/zip","comment_count":"0","pod_item_id":"4392"},{"ID":"3838","post_author":"3","post_date":"2022-02-22 08:25:13","post_date_gmt":"2022-02-22 08:25:13","post_content":"","post_title":"Auto CAD 2D (DWG)","post_excerpt":"","post_status":"inherit","comment_status":"open","ping_status":"closed","post_password":"","post_name":"block-wood-2","to_ping":"","pinged":"","post_modified":"2023-05-31 07:17:38","post_modified_gmt":"2023-05-31 07:17:38","post_content_filtered":"","post_parent":"3837","guid":"https:\/\/balzar.se\/wp-content\/uploads\/2022\/02\/BLOCK-WOOD.zip","menu_order":"0","post_type":"attachment","post_mime_type":"application\/zip","comment_count":"0","pod_item_id":"3838"},{"ID":"3839","post_author":"3","post_date":"2022-02-22 08:25:25","post_date_gmt":"2022-02-22 08:25:25","post_content":"","post_title":"Auto CAD 3D (DWG)","post_excerpt":"","post_status":"inherit","comment_status":"open","ping_status":"closed","post_password":"","post_name":"3d-dwg-block-wood","to_ping":"","pinged":"","post_modified":"2023-05-31 07:17:38","post_modified_gmt":"2023-05-31 07:17:38","post_content_filtered":"","post_parent":"3837","guid":"https:\/\/balzar.se\/wp-content\/uploads\/2022\/02\/3D-DWG-BLOCK-WOOD.zip","menu_order":"0","post_type":"attachment","post_mime_type":"application\/zip","comment_count":"0","pod_item_id":"3839"},{"ID":"4429","post_author":"3","post_date":"2023-05-31 07:16:04","post_date_gmt":"2023-05-31 07:16:04","post_content":"","post_title":"Revit 2021 (RFA)","post_excerpt":"","post_status":"inherit","comment_status":"open","ping_status":"closed","post_password":"","post_name":"bock-wood_revit_2023-05-31","to_ping":"","pinged":"","post_modified":"2023-05-31 07:17:38","post_modified_gmt":"2023-05-31 07:17:38","post_content_filtered":"","post_parent":"4403","guid":"https:\/\/balzar.se\/wp-content\/uploads\/2023\/05\/Bock-wood_Revit_2023-05-31.zip","menu_order":"0","post_type":"attachment","post_mime_type":"application\/zip","comment_count":"0","pod_item_id":"4429"}],"furniture_product_description":"","ID":3837,"post_title":"Block Wood","post_content":"<p class=\"p1\"><span class=\"s1\">Block Wood stapelbar stol i tr\u00e4<\/span>\u00a0\u00e4r en vidareutveckling av serien <span class=\"s1\">Block<\/span> designad av <span class=\"s1\">Sami Kallio<\/span>, d\u00e4r metallen ersatts av massivt tr\u00e4 f\u00f6r ett mjukare, varmare uttryck. Sits och rygg \u00e4r tillverkade i skiktlimmat formpressat tr\u00e4, vilket ger stolen b\u00e5de styrka och f\u00f6ljsamhet.<\/p>\r\n<p class=\"p1\">Den karakt\u00e4ristiska ryggformen med sin tjockare underdel ger ett rent, distinkt uttryck och en tunn, elegant \u00f6verkant. Block Wood har samma gener\u00f6sa proportioner och sittkomfort som originalet, men med ett tydligare helhetsspr\u00e5k i tr\u00e4.<\/p>\r\n<p class=\"p1\">Tillverkas i ask eller bj\u00f6rk, med m\u00f6jlighet till andra tr\u00e4slag p\u00e5 f\u00f6rfr\u00e5gan. Ytbehandling i klar- eller pigmenterad lack.<\/p>\r\nSe \u00e4ven <a href=\"https:\/\/balzarbeskow.se\/stolar\/block-ks\" target=\"_blank\" rel=\"noopener\">Block wood KS<\/a> \u2013 karmstolsvariant i samma serie\r\n<p class=\"p1\">Tillverkad i Sverige och m\u00e4rkt med <a href=\"https:\/\/products.mobelfakta.se\/Details.html?id=4338\" target=\"_blank\" rel=\"noopener\">M\u00f6belfakta<\/a>.<\/p>","post_excerpt":"","post_author":"3","post_date":"2019-01-12 10:10:51","post_date_gmt":"2019-01-12 09:10:51","post_status":"publish","comment_status":"closed","ping_status":"closed","post_password":"","post_name":"stolar-block-wood","to_ping":"","pinged":"","post_modified":"2026-02-10 15:06:49","post_modified_gmt":"2026-02-10 14:06:49","post_content_filtered":"","post_parent":0,"guid":"https:\/\/balzar.se\/?post_type=furniture&#038;p=3837","menu_order":0,"post_type":"furniture","post_mime_type":"","comment_count":"0","comments":false,"_thumbnail_id":{"ID":"3970","post_author":"3","post_date":"2022-06-10 11:12:08","post_date_gmt":"2022-06-10 11:12:08","post_content":"","post_title":"Balzar Beskow 2022-06-01 Block Wood 6.1","post_excerpt":"","post_status":"inherit","comment_status":"open","ping_status":"closed","post_password":"","post_name":"balzar-beskow-2022-06-01-block-wood-6-1","to_ping":"","pinged":"","post_modified":"2025-11-05 16:04:02","post_modified_gmt":"2025-11-05 15:04:02","post_content_filtered":"","post_parent":"3837","guid":"https:\/\/balzar.se\/wp-content\/uploads\/2022\/06\/Balzar-Beskow-2022-06-01-Block-Wood-6.1.jpg","menu_order":"0","post_type":"attachment","post_mime_type":"image\/jpeg","comment_count":"0","pod_item_id":"3970"},"furniture_category":[{"term_id":"10","name":"Stolar","slug":"chairs","term_group":"0","term_order":"1","term_taxonomy_id":"10","taxonomy":"furniture_category","description":"","parent":"3","count":"16","object_id":"5078","pod_item_id":"10"}],"id":3837},{"furniture_image_gallery":[{"ID":"4412","post_author":"3","post_date":"2023-05-24 10:13:42","post_date_gmt":"2023-05-24 10:13:42","post_content":"","post_title":"Block Wood Karm 2023-05-11-2","post_excerpt":"","post_status":"inherit","comment_status":"open","ping_status":"closed","post_password":"","post_name":"block-wood-karm-2023-05-11-2","to_ping":"","pinged":"","post_modified":"2025-11-05 16:11:23","post_modified_gmt":"2025-11-05 15:11:23","post_content_filtered":"","post_parent":"4403","guid":"https:\/\/balzar.se\/wp-content\/uploads\/2023\/05\/Block-Wood-Karm-2023-05-11-2.jpg","menu_order":"0","post_type":"attachment","post_mime_type":"image\/jpeg","comment_count":"0","pod_item_id":"4412"},{"ID":"4413","post_author":"3","post_date":"2023-05-24 10:13:57","post_date_gmt":"2023-05-24 10:13:57","post_content":"","post_title":"Block Wood Karm 2023-05-11-3","post_excerpt":"","post_status":"inherit","comment_status":"open","ping_status":"closed","post_password":"","post_name":"block-wood-karm-2023-05-11-3","to_ping":"","pinged":"","post_modified":"2025-11-05 16:11:21","post_modified_gmt":"2025-11-05 15:11:21","post_content_filtered":"","post_parent":"4403","guid":"https:\/\/balzar.se\/wp-content\/uploads\/2023\/05\/Block-Wood-Karm-2023-05-11-3.jpg","menu_order":"0","post_type":"attachment","post_mime_type":"image\/jpeg","comment_count":"0","pod_item_id":"4413"},{"ID":"4414","post_author":"3","post_date":"2023-05-24 10:14:11","post_date_gmt":"2023-05-24 10:14:11","post_content":"","post_title":"Block Wood Karm 2023-05-11-4","post_excerpt":"","post_status":"inherit","comment_status":"open","ping_status":"closed","post_password":"","post_name":"block-wood-karm-2023-05-11-4","to_ping":"","pinged":"","post_modified":"2025-11-05 16:11:20","post_modified_gmt":"2025-11-05 15:11:20","post_content_filtered":"","post_parent":"4403","guid":"https:\/\/balzar.se\/wp-content\/uploads\/2023\/05\/Block-Wood-Karm-2023-05-11-4.jpg","menu_order":"0","post_type":"attachment","post_mime_type":"image\/jpeg","comment_count":"0","pod_item_id":"4414"},{"ID":"4415","post_author":"3","post_date":"2023-05-24 10:14:25","post_date_gmt":"2023-05-24 10:14:25","post_content":"","post_title":"Block Wood Karm 2023-05-11-6","post_excerpt":"","post_status":"inherit","comment_status":"open","ping_status":"closed","post_password":"","post_name":"block-wood-karm-2023-05-11-6","to_ping":"","pinged":"","post_modified":"2025-11-05 16:11:18","post_modified_gmt":"2025-11-05 15:11:18","post_content_filtered":"","post_parent":"4403","guid":"https:\/\/balzar.se\/wp-content\/uploads\/2023\/05\/Block-Wood-Karm-2023-05-11-6.jpg","menu_order":"0","post_type":"attachment","post_mime_type":"image\/jpeg","comment_count":"0","pod_item_id":"4415"},{"ID":"4416","post_author":"3","post_date":"2023-05-24 10:14:38","post_date_gmt":"2023-05-24 10:14:38","post_content":"","post_title":"Block Wood Karm 2023-05-11-7","post_excerpt":"","post_status":"inherit","comment_status":"open","ping_status":"closed","post_password":"","post_name":"block-wood-karm-2023-05-11-7","to_ping":"","pinged":"","post_modified":"2025-11-05 16:11:17","post_modified_gmt":"2025-11-05 15:11:17","post_content_filtered":"","post_parent":"4403","guid":"https:\/\/balzar.se\/wp-content\/uploads\/2023\/05\/Block-Wood-Karm-2023-05-11-7.jpg","menu_order":"0","post_type":"attachment","post_mime_type":"image\/jpeg","comment_count":"0","pod_item_id":"4416"},{"ID":"4417","post_author":"3","post_date":"2023-05-24 10:14:50","post_date_gmt":"2023-05-24 10:14:50","post_content":"","post_title":"Block Wood Karm 2023-05-11-8","post_excerpt":"","post_status":"inherit","comment_status":"open","ping_status":"closed","post_password":"","post_name":"block-wood-karm-2023-05-11-8","to_ping":"","pinged":"","post_modified":"2025-11-05 16:11:15","post_modified_gmt":"2025-11-05 15:11:15","post_content_filtered":"","post_parent":"4403","guid":"https:\/\/balzar.se\/wp-content\/uploads\/2023\/05\/Block-Wood-Karm-2023-05-11-8.jpg","menu_order":"0","post_type":"attachment","post_mime_type":"image\/jpeg","comment_count":"0","pod_item_id":"4417"},{"ID":"4419","post_author":"3","post_date":"2023-05-24 10:15:30","post_date_gmt":"2023-05-24 10:15:30","post_content":"","post_title":"Block Wood Karm 2023-05-11-23","post_excerpt":"","post_status":"inherit","comment_status":"open","ping_status":"closed","post_password":"","post_name":"block-wood-karm-2023-05-11-23","to_ping":"","pinged":"","post_modified":"2025-11-05 16:11:11","post_modified_gmt":"2025-11-05 15:11:11","post_content_filtered":"","post_parent":"4403","guid":"https:\/\/balzar.se\/wp-content\/uploads\/2023\/05\/Block-Wood-Karm-2023-05-11-23.jpg","menu_order":"0","post_type":"attachment","post_mime_type":"image\/jpeg","comment_count":"0","pod_item_id":"4419"}],"furniture_jumbotron_image":false,"release_date":"0000-00-00","furnitures_designer":{"ID":"127","post_author":"3","post_date":"2019-03-19 10:39:28","post_date_gmt":"2019-03-19 10:39:28","post_content":"Sami Kallio \u2013 Inredningsarkitekt och m\u00f6beldesigner fr\u00e5n G\u00f6teborg.\r\nF\u00f6dd i Helsingfors 1975 och en MFA i inredningsarkitektur fr\u00e5n HDK (G\u00f6teborg) &amp; Industriella h\u00f6gskolan (Helsingfors).\r\nSami Kallio Studio designar m\u00f6bler och inredning med fokus p\u00e5 h\u00f6g kvalitet, detaljer och funktion som kr\u00e4ver en god kunskap och erfarenhet inom hantverket och produktutveckling.\u2013 Jag bygger ofta min design p\u00e5 en traditionell och funktionell grund, men f\u00f6rs\u00f6ker \u00e4nd\u00e5 l\u00e4gga till n\u00e5got extra i designen s\u00e5 det blir n\u00e5got nytt.\r\n\r\n<a href=\"http:\/\/www.kallio.nu\/\" target=\"_blank\" rel=\"noopener noreferrer\">www.kallio.nu<\/a>","post_title":"Sami Kallio","post_excerpt":"","post_status":"publish","comment_status":"closed","ping_status":"closed","post_password":"","post_name":"sami-kallio","to_ping":"","pinged":"","post_modified":"2019-03-22 13:03:22","post_modified_gmt":"2019-03-22 13:03:22","post_content_filtered":"","post_parent":"0","guid":"http:\/\/ny.balzar.se\/?post_type=designer&#038;p=127","menu_order":"0","post_type":"designer","post_mime_type":"","comment_count":"0","pod_item_id":"127"},"furniture_materials":[{"ID":"87","post_author":"1","post_date":"2019-03-19 08:57:38","post_date_gmt":"2019-03-19 08:57:38","post_content":"Ett vackert ljust tr\u00e4slag med \u00e5dring och karakt\u00e4r. L\u00e4mpar sig v\u00e4l att f\u00e4rga d\u00e5 strukturen syns \u00e4ven n\u00e4r f\u00e4rg t\u00e4cker tr\u00e4et. Vi anv\u00e4nder b\u00e5de massiv ask och askfan\u00e9r. Allt tr\u00e4 vi tar in \u00e4r FSC eller PEFC m\u00e4rkt vilket inneb\u00e4r att det \u00e4r lagligt avverkat fr\u00e5n uth\u00e5lligt skogsbruk.","post_title":"Ask","post_excerpt":"","post_status":"publish","comment_status":"closed","ping_status":"closed","post_password":"","post_name":"ash","to_ping":"","pinged":"","post_modified":"2019-05-24 06:31:17","post_modified_gmt":"2019-05-24 06:31:17","post_content_filtered":"","post_parent":"0","guid":"http:\/\/ny.balzar.se\/?post_type=material&#038;p=87","menu_order":"0","post_type":"material","post_mime_type":"","comment_count":"0","pod_item_id":"87"},{"ID":"88","post_author":"1","post_date":"2019-03-19 08:58:01","post_date_gmt":"2019-03-19 08:58:01","post_content":"Ett traditionellt skandinaviskt tr\u00e4slag. Vi anv\u00e4nder b\u00e5de massiv bj\u00f6rk och bj\u00f6rkfan\u00e9r i v\u00e5ra m\u00f6bler. Allt tr\u00e4 vi tar in \u00e4r FSC eller PEFC m\u00e4rkt vilket inneb\u00e4r att det \u00e4r lagligt avverkat fr\u00e5n uth\u00e5lligt skogsbruk.","post_title":"Bj\u00f6rk","post_excerpt":"","post_status":"publish","comment_status":"closed","ping_status":"closed","post_password":"","post_name":"birch","to_ping":"","pinged":"","post_modified":"2019-05-24 06:30:54","post_modified_gmt":"2019-05-24 06:30:54","post_content_filtered":"","post_parent":"0","guid":"http:\/\/ny.balzar.se\/?post_type=material&#038;p=88","menu_order":"0","post_type":"material","post_mime_type":"","comment_count":"0","pod_item_id":"88"},{"ID":"91","post_author":"1","post_date":"2019-03-19 09:01:02","post_date_gmt":"2019-03-19 09:01:02","post_content":"","post_title":"Vit","post_excerpt":"","post_status":"publish","comment_status":"closed","ping_status":"closed","post_password":"","post_name":"white","to_ping":"","pinged":"","post_modified":"2023-12-13 08:21:20","post_modified_gmt":"2023-12-13 08:21:20","post_content_filtered":"","post_parent":"0","guid":"http:\/\/ny.balzar.se\/?post_type=material&#038;p=91","menu_order":"0","post_type":"material","post_mime_type":"","comment_count":"0","pod_item_id":"91"},{"ID":"92","post_author":"1","post_date":"2019-03-19 09:01:24","post_date_gmt":"2019-03-19 09:01:24","post_content":"","post_title":"Svart","post_excerpt":"","post_status":"publish","comment_status":"closed","ping_status":"closed","post_password":"","post_name":"black","to_ping":"","pinged":"","post_modified":"2023-12-13 08:20:44","post_modified_gmt":"2023-12-13 08:20:44","post_content_filtered":"","post_parent":"0","guid":"http:\/\/ny.balzar.se\/?post_type=material&#038;p=92","menu_order":"0","post_type":"material","post_mime_type":"","comment_count":"0","pod_item_id":"92"},{"ID":"93","post_author":"1","post_date":"2019-03-19 09:02:31","post_date_gmt":"2019-03-19 09:02:31","post_content":"","post_title":"Valfri f\u00e4rg","post_excerpt":"","post_status":"publish","comment_status":"closed","ping_status":"closed","post_password":"","post_name":"any-color","to_ping":"","pinged":"","post_modified":"2019-04-11 11:14:37","post_modified_gmt":"2019-04-11 11:14:37","post_content_filtered":"","post_parent":"0","guid":"http:\/\/ny.balzar.se\/?post_type=material&#038;p=93","menu_order":"0","post_type":"material","post_mime_type":"","comment_count":"0","pod_item_id":"93"},{"ID":"2168","post_author":"3","post_date":"2019-04-12 09:53:11","post_date_gmt":"2019-04-12 09:53:11","post_content":"","post_title":"Tyg standard eller valfritt","post_excerpt":"","post_status":"publish","comment_status":"closed","ping_status":"closed","post_password":"","post_name":"tyg","to_ping":"","pinged":"","post_modified":"2019-04-12 10:04:40","post_modified_gmt":"2019-04-12 10:04:40","post_content_filtered":"","post_parent":"0","guid":"http:\/\/ny.balzar.se\/?post_type=material&#038;p=2168","menu_order":"0","post_type":"material","post_mime_type":"","comment_count":"0","pod_item_id":"2168"}],"furniture_dimention_image_gallery":[{"ID":"4405","post_author":"3","post_date":"2023-05-24 09:25:09","post_date_gmt":"2023-05-24 09:25:09","post_content":"","post_title":"Block Wood KS","post_excerpt":"","post_status":"inherit","comment_status":"open","ping_status":"closed","post_password":"","post_name":"block-wood-ks-2","to_ping":"","pinged":"","post_modified":"2023-05-31 07:17:12","post_modified_gmt":"2023-05-31 07:17:12","post_content_filtered":"","post_parent":"4403","guid":"https:\/\/balzar.se\/wp-content\/uploads\/2023\/05\/Block-Wood-KS.png","menu_order":"0","post_type":"attachment","post_mime_type":"image\/png","comment_count":"0","pod_item_id":"4405"}],"furniture_downloads":[{"ID":"4564","post_author":"3","post_date":"2023-10-24 07:27:36","post_date_gmt":"2023-10-24 07:27:36","post_content":"","post_title":"Produktblad (PDF)","post_excerpt":"","post_status":"inherit","comment_status":"open","ping_status":"closed","post_password":"","post_name":"produktblad_block_wood_2023-10-23","to_ping":"","pinged":"","post_modified":"2023-10-24 07:27:47","post_modified_gmt":"2023-10-24 07:27:47","post_content_filtered":"","post_parent":"3837","guid":"https:\/\/balzar.se\/wp-content\/uploads\/2023\/05\/Produktblad_Block_Wood_2023-10-23.pdf","menu_order":"0","post_type":"attachment","post_mime_type":"application\/pdf","comment_count":"0","pod_item_id":"4564"},{"ID":"4546","post_author":"3","post_date":"2023-10-16 08:07:46","post_date_gmt":"2023-10-16 08:07:46","post_content":"","post_title":"Auto CAD 2D (DWG)","post_excerpt":"","post_status":"inherit","comment_status":"open","ping_status":"closed","post_password":"","post_name":"block-wood-2023-10-13","to_ping":"","pinged":"","post_modified":"2023-10-16 08:09:26","post_modified_gmt":"2023-10-16 08:09:26","post_content_filtered":"","post_parent":"4403","guid":"https:\/\/balzar.se\/wp-content\/uploads\/2023\/10\/BLOCK-WOOD-2023-10-13.zip","menu_order":"0","post_type":"attachment","post_mime_type":"application\/zip","comment_count":"0","pod_item_id":"4546"},{"ID":"4547","post_author":"3","post_date":"2023-10-16 08:08:18","post_date_gmt":"2023-10-16 08:08:18","post_content":"","post_title":"Auto CAD 3D (DWG)","post_excerpt":"","post_status":"inherit","comment_status":"open","ping_status":"closed","post_password":"","post_name":"3d-dwg-block-wood-2023-10-13","to_ping":"","pinged":"","post_modified":"2023-10-16 08:09:26","post_modified_gmt":"2023-10-16 08:09:26","post_content_filtered":"","post_parent":"4403","guid":"https:\/\/balzar.se\/wp-content\/uploads\/2023\/10\/3D-DWG-BLOCK-WOOD-2023-10-13.zip","menu_order":"0","post_type":"attachment","post_mime_type":"application\/zip","comment_count":"0","pod_item_id":"4547"},{"ID":"4429","post_author":"3","post_date":"2023-05-31 07:16:04","post_date_gmt":"2023-05-31 07:16:04","post_content":"","post_title":"Revit 2021 (RFA)","post_excerpt":"","post_status":"inherit","comment_status":"open","ping_status":"closed","post_password":"","post_name":"bock-wood_revit_2023-05-31","to_ping":"","pinged":"","post_modified":"2023-05-31 07:17:38","post_modified_gmt":"2023-05-31 07:17:38","post_content_filtered":"","post_parent":"4403","guid":"https:\/\/balzar.se\/wp-content\/uploads\/2023\/05\/Bock-wood_Revit_2023-05-31.zip","menu_order":"0","post_type":"attachment","post_mime_type":"application\/zip","comment_count":"0","pod_item_id":"4429"}],"furniture_product_description":"","ID":4403,"post_title":"Block Wood KS","post_content":"<p class=\"p1\"><span class=\"s1\">Block Wood KS stapelbar karmstol i tr\u00e4<\/span>\u00a0\u00e4r en gener\u00f6s och v\u00e4lbalanserad variant i serien <span class=\"s1\">Block<\/span>, formgiven av <span class=\"s1\">Sami Kallio<\/span>. Karmstolen har sits och rygg i skiktlimmat formpressat tr\u00e4 och ett underrede i massivt tr\u00e4 som ger ett sammanh\u00e5llet uttryck och en varm, taktil k\u00e4nsla.<\/p>\r\n<p class=\"p1\">Den karakteristiska ryggformen med sin kraftigare underdel ger ett rent och distinkt uttryck samtidigt som den \u00f6vre delen \u00e4r tunn och f\u00f6ljsam. De integrerade armst\u00f6den f\u00f6rst\u00e4rker komforten och ger stolen ett elegant helhetsintryck.<\/p>\r\n<p class=\"p1\">Tillverkas i ask eller bj\u00f6rk, med m\u00f6jlighet till andra tr\u00e4slag p\u00e5 f\u00f6rfr\u00e5gan. Ytbehandling i klar- eller pigmenterad lack.<\/p>\r\nSe \u00e4ven <strong><a href=\"https:\/\/balzarbeskow.se\/stolar\/block-ks\" target=\"_blank\" rel=\"noopener\">Block wood<\/a> <\/strong>stol i samma serie\r\n<p class=\"p1\">Tillverkad i Sverige och m\u00e4rkt med <strong><a href=\"https:\/\/products.mobelfakta.se\/Details.html?id=4338\" target=\"_blank\" rel=\"noopener\">M\u00f6belfakta<\/a>.<\/strong><\/p>","post_excerpt":"","post_author":"3","post_date":"2019-01-11 10:06:35","post_date_gmt":"2019-01-11 09:06:35","post_status":"publish","comment_status":"closed","ping_status":"closed","post_password":"","post_name":"stolar-block-wood-ks","to_ping":"","pinged":"","post_modified":"2026-02-10 15:10:33","post_modified_gmt":"2026-02-10 14:10:33","post_content_filtered":"","post_parent":0,"guid":"https:\/\/balzar.se\/?post_type=furniture&#038;p=4403","menu_order":0,"post_type":"furniture","post_mime_type":"","comment_count":"0","comments":false,"_thumbnail_id":{"ID":"4406","post_author":"3","post_date":"2023-05-24 10:04:11","post_date_gmt":"2023-05-24 10:04:11","post_content":"","post_title":"Block Wood Karm Ikon","post_excerpt":"","post_status":"inherit","comment_status":"open","ping_status":"closed","post_password":"","post_name":"block-wood-karm-ikon","to_ping":"","pinged":"","post_modified":"2023-05-24 10:04:11","post_modified_gmt":"2023-05-24 10:04:11","post_content_filtered":"","post_parent":"4403","guid":"https:\/\/balzar.se\/wp-content\/uploads\/2023\/05\/Block-Wood-Karm-Ikon.jpg","menu_order":"0","post_type":"attachment","post_mime_type":"image\/jpeg","comment_count":"0","pod_item_id":"4406"},"furniture_category":[{"term_id":"10","name":"Stolar","slug":"chairs","term_group":"0","term_order":"1","term_taxonomy_id":"10","taxonomy":"furniture_category","description":"","parent":"3","count":"16","object_id":"5078","pod_item_id":"10"}],"id":4403}],"ID":127,"post_title":"Sami Kallio","post_content":"Sami Kallio \u2013 Inredningsarkitekt och m\u00f6beldesigner fr\u00e5n G\u00f6teborg.\r\nF\u00f6dd i Helsingfors 1975 och en MFA i inredningsarkitektur fr\u00e5n HDK (G\u00f6teborg) &amp; Industriella h\u00f6gskolan (Helsingfors).\r\nSami Kallio Studio designar m\u00f6bler och inredning med fokus p\u00e5 h\u00f6g kvalitet, detaljer och funktion som kr\u00e4ver en god kunskap och erfarenhet inom hantverket och produktutveckling.\u2013 Jag bygger ofta min design p\u00e5 en traditionell och funktionell grund, men f\u00f6rs\u00f6ker \u00e4nd\u00e5 l\u00e4gga till n\u00e5got extra i designen s\u00e5 det blir n\u00e5got nytt.\r\n\r\n<a href=\"http:\/\/www.kallio.nu\/\" target=\"_blank\" rel=\"noopener noreferrer\">www.kallio.nu<\/a>","post_excerpt":"","post_author":[{"ID":"3","user_login":"JosefineAlpen","user_nicename":"josefinealpen","display_name":"Josefine Alpen","user_pass":"****************","user_email":"hello@josefinealpen.se","user_url":"","user_registered":"2019-03-19 10:29:48","id":3}],"post_date":"2019-03-19 10:39:28","post_date_gmt":"2019-03-19 10:39:28","post_status":"publish","comment_status":"closed","ping_status":"closed","post_password":"","post_name":"sami-kallio","to_ping":"","pinged":"","post_modified":"2019-03-22 13:03:22","post_modified_gmt":"2019-03-22 13:03:22","post_content_filtered":"","post_parent":[],"guid":"http:\/\/ny.balzar.se\/?post_type=designer&#038;p=127","menu_order":0,"post_type":"designer","post_mime_type":"","comment_count":"0","comments":false,"_thumbnail_id":{"ID":"131","post_author":"3","post_date":"2019-03-19 10:43:31","post_date_gmt":"2019-03-19 10:43:31","post_content":"","post_title":"Sami Kallio 03 800x800 nr 2","post_excerpt":"","post_status":"inherit","comment_status":"open","ping_status":"closed","post_password":"","post_name":"sami-kallio-03-800x800-nr-2","to_ping":"","pinged":"","post_modified":"2019-03-19 10:43:31","post_modified_gmt":"2019-03-19 10:43:31","post_content_filtered":"","post_parent":"127","guid":"http:\/\/ny.balzar.se\/wp-content\/uploads\/2019\/03\/Sami-Kallio-03-800x800-nr-2.jpg","menu_order":"0","post_type":"attachment","post_mime_type":"image\/jpeg","comment_count":"0","pod_item_id":"131"},"id":127}],"news_related_project":false,"news_miljo":"0","_links":{"self":[{"href":"https:\/\/balzar.se\/en\/wp-json\/wp\/v2\/news\/4846","targetHints":{"allow":["GET"]}}],"collection":[{"href":"https:\/\/balzar.se\/en\/wp-json\/wp\/v2\/news"}],"about":[{"href":"https:\/\/balzar.se\/en\/wp-json\/wp\/v2\/types\/news"}],"wp:attachment":[{"href":"https:\/\/balzar.se\/en\/wp-json\/wp\/v2\/media?parent=4846"}],"curies":[{"name":"wp","href":"https:\/\/api.w.org\/{rel}","templated":true}]}}